{"id":97839,"date":"2021-08-24T00:26:49","date_gmt":"2021-08-24T03:26:49","guid":{"rendered":"https:\/\/eldiariodesanpedro.com.ar\/sitio\/?p=97839"},"modified":"2021-08-24T00:26:53","modified_gmt":"2021-08-24T03:26:53","slug":"se-realizara-un-abrazo-simbolico-en-sororidad-para-monica-garnelo","status":"publish","type":"post","link":"https:\/\/eldiariodesanpedro.com.ar\/sitio\/se-realizara-un-abrazo-simbolico-en-sororidad-para-monica-garnelo\/","title":{"rendered":"Se realizara un abrazo simb\u00f3lico en sororidad para M\u00f3nica Garnelo"},"content":{"rendered":"<!-- VideographyWP Plugin Message: Automatic video embedding prevented by plugin options. -->\n\n<p>Este mi\u00e9rcoles el nuevo Movimiento FEminista que pertenece al Partido Fe realizara un abrazo simb\u00f3lico al hospital Emilio Ruffa en sororidad con la victima de intento de femicidio M\u00f3nica Garnelo quien se encuentra internada en grave estado en el nosocomio local.<\/p>\n\n\n\n<p>La nueva agrupaci\u00f3n invita a la sociedad que quiera acompa\u00f1ar se realizara el pr\u00f3ximo mi\u00e9rcoles a las 16 hs en la puerta del centro de salud.<\/p>\n\n\n\n<p>Recordemos que M\u00f3nica fue atacada mientras dorm\u00eda el pasado domingo en las primeras horas por parte su ex pareja con un cuchillo provoc\u00e1ndole graves lesiones que pusieron en riesgo su vida, adem\u00e1s tambi\u00e9n ataco a la hija de la victima provoc\u00e1ndole lesiones en uno de sus brazos. <\/p>\n\n\n\n<p>Esto es resultado de varios ataques que sufri\u00f3 la victima tanto de amenazas como de agresiones f\u00edsicas y un constante acoso que aparentemente el juez a cargo no tuvo en cuneta para encerrar a este violento.<\/p>\n","protected":false},"excerpt":{"rendered":"<p>Este mi\u00e9rcoles el nuevo Movimiento FEminista que pertenece al Partido Fe realizara un abrazo simb\u00f3lico al hospital Emilio Ruffa en sororidad con la victima de intento de femicidio M\u00f3nica Garnelo quien se encuentra internada en grave estado en el nosocomio local. La nueva agrupaci\u00f3n invita a la sociedad que quiera acompa\u00f1ar se realizara el pr\u00f3ximo [&hellip;]<\/p>\n","protected":false},"author":4,"featured_media":97840,"comment_status":"closed","ping_status":"closed","sticky":false,"template":"","format":"standard","meta":{"om_disable_all_campaigns":false,"_jetpack_memberships_contains_paid_content":false,"footnotes":""},"categories":[50,101,2],"tags":[],"class_list":["post-97839","post","type-post","status-publish","format-standard","has-post-thumbnail","hentry","category-destacadas","category-interes-general-locales","category-locales"],"aioseo_notices":[],"gutentor_comment":0,"jetpack_featured_media_url":"https:\/\/eldiariodesanpedro.com.ar\/sitio\/wp-content\/uploads\/2021\/08\/movimiento-FEminista-2.jpg","jetpack_shortlink":"https:\/\/wp.me\/p6RhLt-ps3","jetpack_sharing_enabled":true,"_links":{"self":[{"href":"https:\/\/eldiariodesanpedro.com.ar\/sitio\/wp-json\/wp\/v2\/posts\/97839","targetHints":{"allow":["GET"]}}],"collection":[{"href":"https:\/\/eldiariodesanpedro.com.ar\/sitio\/wp-json\/wp\/v2\/posts"}],"about":[{"href":"https:\/\/eldiariodesanpedro.com.ar\/sitio\/wp-json\/wp\/v2\/types\/post"}],"author":[{"embeddable":true,"href":"https:\/\/eldiariodesanpedro.com.ar\/sitio\/wp-json\/wp\/v2\/users\/4"}],"replies":[{"embeddable":true,"href":"https:\/\/eldiariodesanpedro.com.ar\/sitio\/wp-json\/wp\/v2\/comments?post=97839"}],"version-history":[{"count":1,"href":"https:\/\/eldiariodesanpedro.com.ar\/sitio\/wp-json\/wp\/v2\/posts\/97839\/revisions"}],"predecessor-version":[{"id":97841,"href":"https:\/\/eldiariodesanpedro.com.ar\/sitio\/wp-json\/wp\/v2\/posts\/97839\/revisions\/97841"}],"wp:featuredmedia":[{"embeddable":true,"href":"https:\/\/eldiariodesanpedro.com.ar\/sitio\/wp-json\/wp\/v2\/media\/97840"}],"wp:attachment":[{"href":"https:\/\/eldiariodesanpedro.com.ar\/sitio\/wp-json\/wp\/v2\/media?parent=97839"}],"wp:term":[{"taxonomy":"category","embeddable":true,"href":"https:\/\/eldiariodesanpedro.com.ar\/sitio\/wp-json\/wp\/v2\/categories?post=97839"},{"taxonomy":"post_tag","embeddable":true,"href":"https:\/\/eldiariodesanpedro.com.ar\/sitio\/wp-json\/wp\/v2\/tags?post=97839"}],"curies":[{"name":"wp","href":"https:\/\/api.w.org\/{rel}","templated":true}]}}