{"id":97831,"date":"2021-08-23T22:54:54","date_gmt":"2021-08-24T01:54:54","guid":{"rendered":"https:\/\/eldiariodesanpedro.com.ar\/sitio\/?p=97831"},"modified":"2021-08-23T23:08:29","modified_gmt":"2021-08-24T02:08:29","slug":"grave-incendio-en-villa-jardin-con-perdidas-totales-en-una-vivienda","status":"publish","type":"post","link":"https:\/\/eldiariodesanpedro.com.ar\/sitio\/grave-incendio-en-villa-jardin-con-perdidas-totales-en-una-vivienda\/","title":{"rendered":"Grave incendio en Villa Jard\u00edn con perdidas totales en una vivienda"},"content":{"rendered":"<!-- VideographyWP Plugin Message: Automatic video embedding prevented by plugin options. -->\n\n<p>En la noche de este lunes ocurri\u00f3 un grave incendio donde una familia perdi\u00f3 absolutamente todo inclusive la vivienda completa.<\/p>\n\n\n\n<p>El hecho ocurri\u00f3 la noche de hoy alrededor de las 20:30 hs cuando por razones que se trataran de establecer comenz\u00f3 un incendio en una vivienda ubicada en el moj\u00f3n 42 del camino al aeroclub que al arribo de la dotaci\u00f3n de bomberos voluntarios  se encontraba con el fuego generalizado.<\/p>\n\n\n\n<p>En el lugar se tuvieron que hacer presentes tres dotaciones de Bomberos Voluntarios por la gravedad del incendio que inclu\u00eda a un cami\u00f3n cisterna y un total de 10 personas.<\/p>\n\n\n\n<p>Lamentablemente las perdidas fueron totales tanto materiales como estructurales.<\/p>\n\n\n\n<p>Fotos Gentileza: Mariano Hansen &#8211; Canal web<\/p>\n\n\n\n<figure class=\"wp-block-image size-large\"><img decoding=\"async\" width=\"1024\" height=\"472\" data-attachment-id=\"97833\" data-permalink=\"https:\/\/eldiariodesanpedro.com.ar\/sitio\/grave-incendio-en-villa-jardin-con-perdidas-totales-en-una-vivienda\/whatsapp-image-2021-08-23-at-22-31-30-1\/\" data-orig-file=\"https:\/\/eldiariodesanpedro.com.ar\/sitio\/wp-content\/uploads\/2021\/08\/WhatsApp-Image-2021-08-23-at-22.31.30-1.jpeg\" data-orig-size=\"1600,737\" data-comments-opened=\"0\" data-image-meta=\"{&quot;aperture&quot;:&quot;0&quot;,&quot;credit&quot;:&quot;&quot;,&quot;camera&quot;:&quot;&quot;,&quot;caption&quot;:&quot;&quot;,&quot;created_timestamp&quot;:&quot;0&quot;,&quot;copyright&quot;:&quot;&quot;,&quot;focal_length&quot;:&quot;0&quot;,&quot;iso&quot;:&quot;0&quot;,&quot;shutter_speed&quot;:&quot;0&quot;,&quot;title&quot;:&quot;&quot;,&quot;orientation&quot;:&quot;0&quot;}\" data-image-title=\"WhatsApp Image 2021-08-23 at 22.31.30 (1)\" data-image-description=\"\" data-image-caption=\"\" data-large-file=\"https:\/\/eldiariodesanpedro.com.ar\/sitio\/wp-content\/uploads\/2021\/08\/WhatsApp-Image-2021-08-23-at-22.31.30-1-1024x472.jpeg\" data-src=\"https:\/\/eldiariodesanpedro.com.ar\/sitio\/wp-content\/uploads\/2021\/08\/WhatsApp-Image-2021-08-23-at-22.31.30-1-1024x472.jpeg\" alt=\"\" class=\"wp-image-97833 lazyload\" data-srcset=\"https:\/\/eldiariodesanpedro.com.ar\/sitio\/wp-content\/uploads\/2021\/08\/WhatsApp-Image-2021-08-23-at-22.31.30-1-1024x472.jpeg 1024w, https:\/\/eldiariodesanpedro.com.ar\/sitio\/wp-content\/uploads\/2021\/08\/WhatsApp-Image-2021-08-23-at-22.31.30-1-300x138.jpeg 300w, https:\/\/eldiariodesanpedro.com.ar\/sitio\/wp-content\/uploads\/2021\/08\/WhatsApp-Image-2021-08-23-at-22.31.30-1-768x354.jpeg 768w, https:\/\/eldiariodesanpedro.com.ar\/sitio\/wp-content\/uploads\/2021\/08\/WhatsApp-Image-2021-08-23-at-22.31.30-1-1536x708.jpeg 1536w, https:\/\/eldiariodesanpedro.com.ar\/sitio\/wp-content\/uploads\/2021\/08\/WhatsApp-Image-2021-08-23-at-22.31.30-1.jpeg 1600w\" data-sizes=\"(max-width: 1024px) 100vw, 1024px\" src=\"data:image\/svg+xml;base64,PHN2ZyB3aWR0aD0iMSIgaGVpZ2h0PSIxIiB4bWxucz0iaHR0cDovL3d3dy53My5vcmcvMjAwMC9zdmciPjwvc3ZnPg==\" style=\"--smush-placeholder-width: 1024px; --smush-placeholder-aspect-ratio: 1024\/472;\" \/><\/figure>\n","protected":false},"excerpt":{"rendered":"<p>En la noche de este lunes ocurri\u00f3 un grave incendio donde una familia perdi\u00f3 absolutamente todo inclusive la vivienda completa. El hecho ocurri\u00f3 la noche de hoy alrededor de las 20:30 hs cuando por razones que se trataran de establecer comenz\u00f3 un incendio en una vivienda ubicada en el moj\u00f3n 42 del camino al aeroclub [&hellip;]<\/p>\n","protected":false},"author":4,"featured_media":97832,"comment_status":"closed","ping_status":"closed","sticky":false,"template":"","format":"standard","meta":{"om_disable_all_campaigns":false,"_jetpack_memberships_contains_paid_content":false,"footnotes":""},"categories":[50,2,103],"tags":[],"class_list":["post-97831","post","type-post","status-publish","format-standard","has-post-thumbnail","hentry","category-destacadas","category-locales","category-policiales-locales"],"aioseo_notices":[],"gutentor_comment":0,"jetpack_featured_media_url":"https:\/\/eldiariodesanpedro.com.ar\/sitio\/wp-content\/uploads\/2021\/08\/WhatsApp-Image-2021-08-23-at-22.31.30.jpeg","jetpack_shortlink":"https:\/\/wp.me\/p6RhLt-prV","jetpack_sharing_enabled":true,"_links":{"self":[{"href":"https:\/\/eldiariodesanpedro.com.ar\/sitio\/wp-json\/wp\/v2\/posts\/97831","targetHints":{"allow":["GET"]}}],"collection":[{"href":"https:\/\/eldiariodesanpedro.com.ar\/sitio\/wp-json\/wp\/v2\/posts"}],"about":[{"href":"https:\/\/eldiariodesanpedro.com.ar\/sitio\/wp-json\/wp\/v2\/types\/post"}],"author":[{"embeddable":true,"href":"https:\/\/eldiariodesanpedro.com.ar\/sitio\/wp-json\/wp\/v2\/users\/4"}],"replies":[{"embeddable":true,"href":"https:\/\/eldiariodesanpedro.com.ar\/sitio\/wp-json\/wp\/v2\/comments?post=97831"}],"version-history":[{"count":4,"href":"https:\/\/eldiariodesanpedro.com.ar\/sitio\/wp-json\/wp\/v2\/posts\/97831\/revisions"}],"predecessor-version":[{"id":97838,"href":"https:\/\/eldiariodesanpedro.com.ar\/sitio\/wp-json\/wp\/v2\/posts\/97831\/revisions\/97838"}],"wp:featuredmedia":[{"embeddable":true,"href":"https:\/\/eldiariodesanpedro.com.ar\/sitio\/wp-json\/wp\/v2\/media\/97832"}],"wp:attachment":[{"href":"https:\/\/eldiariodesanpedro.com.ar\/sitio\/wp-json\/wp\/v2\/media?parent=97831"}],"wp:term":[{"taxonomy":"category","embeddable":true,"href":"https:\/\/eldiariodesanpedro.com.ar\/sitio\/wp-json\/wp\/v2\/categories?post=97831"},{"taxonomy":"post_tag","embeddable":true,"href":"https:\/\/eldiariodesanpedro.com.ar\/sitio\/wp-json\/wp\/v2\/tags?post=97831"}],"curies":[{"name":"wp","href":"https:\/\/api.w.org\/{rel}","templated":true}]}}