{"id":9783,"date":"2016-11-04T21:45:03","date_gmt":"2016-11-05T00:45:03","guid":{"rendered":"https:\/\/eldiariodesanpedro.com.ar\/sitio\/?p=9783"},"modified":"2016-11-04T21:47:00","modified_gmt":"2016-11-05T00:47:00","slug":"entrevista-a-angel-burgos-y-ramon-salazar-sobre-la-supuesta-denuncia","status":"publish","type":"post","link":"https:\/\/eldiariodesanpedro.com.ar\/sitio\/entrevista-a-angel-burgos-y-ramon-salazar-sobre-la-supuesta-denuncia\/","title":{"rendered":"Entrevista a \u00c1ngel Burgos y Ram\u00f3n Salazar sobre la supuesta denuncia"},"content":{"rendered":"<p><!-- VideographyWP Plugin Message: Automatic video embedding prevented by plugin options. --><br \/>\nEn la tarde de hoy, entrevistamos a el Director de Seguridad, Tr\u00e1nsito y Nocturnidad \u00c1ngel Burgos, y al Secretario de Legal y T\u00e9cnica Ram\u00f3n Salazar, quienes hablaron sobre los operativos de tr\u00e1nsitos que se llevan a cabo en la ciudad y el malestar que la gente esta teniendo por el costo de las multas.<\/p>\n<p>Ademas teniendo en cuenta lo sucedido en las ultimas horas sobre la denuncia que \u00c1ngel Burgos habr\u00eda realizado sobre los controles de nocturnidad el mismo se encargo de explicar el mal entendido que se produjo afirmando que \u00abFui al Consejo Deliberante a buscar una ordenanza y me han hecho unas preguntas sobre ese tema, termine siendo involucrado en una falsa denuncia que yo nunca hice, lo que yo fui y ped\u00ed fue un poco de mayor compromiso, si nos pod\u00edan ayudar tanto a los concejales oficialista como opositores para que vean como esta la noche, que esta dif\u00edcil. Se nos siguen sumando cosas las fiestas electr\u00f3nicas las fiestas de fin de a\u00f1o en las quintas y nosotros pedimos una mayor colaboraci\u00f3n y creo que a habido un mal entendimiento y ma\u00f1ana en el transcurso del d\u00eda tendremos que aclararlo con esta gente\u00bb.<\/p>\n<p>A continuaci\u00f3n la entrevista completa:<\/p>\n<div class=\"fb-video\" data-allowfullscreen=\"true\" data-href=\"https:\/\/www.facebook.com\/eldiario.desanpedro\/videos\/533689903506820\/\" style=\"background-color: #fff; display: inline-block;\"><\/div>\n","protected":false},"excerpt":{"rendered":"<p>En la tarde de hoy, entrevistamos a el Director de Seguridad, Tr\u00e1nsito y Nocturnidad \u00c1ngel Burgos, y al Secretario de Legal y T\u00e9cnica Ram\u00f3n Salazar, quienes hablaron sobre los operativos de tr\u00e1nsitos que se llevan a cabo en la ciudad y el malestar que la gente esta teniendo por el costo de las multas. Ademas [&hellip;]<\/p>\n","protected":false},"author":4,"featured_media":9789,"comment_status":"open","ping_status":"closed","sticky":false,"template":"","format":"standard","meta":{"om_disable_all_campaigns":false,"_jetpack_memberships_contains_paid_content":false,"footnotes":""},"categories":[50,101,2],"tags":[],"class_list":["post-9783","post","type-post","status-publish","format-standard","has-post-thumbnail","hentry","category-destacadas","category-interes-general-locales","category-locales"],"aioseo_notices":[],"gutentor_comment":0,"jetpack_featured_media_url":"https:\/\/eldiariodesanpedro.com.ar\/sitio\/wp-content\/uploads\/2016\/11\/burgos-y-salazar-e1478306810197.png","jetpack_shortlink":"https:\/\/wp.me\/p6RhLt-2xN","jetpack_sharing_enabled":true,"_links":{"self":[{"href":"https:\/\/eldiariodesanpedro.com.ar\/sitio\/wp-json\/wp\/v2\/posts\/9783","targetHints":{"allow":["GET"]}}],"collection":[{"href":"https:\/\/eldiariodesanpedro.com.ar\/sitio\/wp-json\/wp\/v2\/posts"}],"about":[{"href":"https:\/\/eldiariodesanpedro.com.ar\/sitio\/wp-json\/wp\/v2\/types\/post"}],"author":[{"embeddable":true,"href":"https:\/\/eldiariodesanpedro.com.ar\/sitio\/wp-json\/wp\/v2\/users\/4"}],"replies":[{"embeddable":true,"href":"https:\/\/eldiariodesanpedro.com.ar\/sitio\/wp-json\/wp\/v2\/comments?post=9783"}],"version-history":[{"count":1,"href":"https:\/\/eldiariodesanpedro.com.ar\/sitio\/wp-json\/wp\/v2\/posts\/9783\/revisions"}],"predecessor-version":[{"id":9790,"href":"https:\/\/eldiariodesanpedro.com.ar\/sitio\/wp-json\/wp\/v2\/posts\/9783\/revisions\/9790"}],"wp:featuredmedia":[{"embeddable":true,"href":"https:\/\/eldiariodesanpedro.com.ar\/sitio\/wp-json\/wp\/v2\/media\/9789"}],"wp:attachment":[{"href":"https:\/\/eldiariodesanpedro.com.ar\/sitio\/wp-json\/wp\/v2\/media?parent=9783"}],"wp:term":[{"taxonomy":"category","embeddable":true,"href":"https:\/\/eldiariodesanpedro.com.ar\/sitio\/wp-json\/wp\/v2\/categories?post=9783"},{"taxonomy":"post_tag","embeddable":true,"href":"https:\/\/eldiariodesanpedro.com.ar\/sitio\/wp-json\/wp\/v2\/tags?post=9783"}],"curies":[{"name":"wp","href":"https:\/\/api.w.org\/{rel}","templated":true}]}}