{"id":97827,"date":"2021-08-23T20:11:56","date_gmt":"2021-08-23T23:11:56","guid":{"rendered":"https:\/\/eldiariodesanpedro.com.ar\/sitio\/?p=97827"},"modified":"2021-08-23T20:12:01","modified_gmt":"2021-08-23T23:12:01","slug":"albacete-se-nego-a-declarar-fue-trasladado-a-san-nicolas-y-la-familia-de-la-victima-realizara-una-marcha","status":"publish","type":"post","link":"https:\/\/eldiariodesanpedro.com.ar\/sitio\/albacete-se-nego-a-declarar-fue-trasladado-a-san-nicolas-y-la-familia-de-la-victima-realizara-una-marcha\/","title":{"rendered":"Albacete se neg\u00f3 a declarar, fue trasladado a San Nicol\u00e1s y la familia de la victima realizara una marcha"},"content":{"rendered":"<!-- VideographyWP Plugin Message: Automatic video embedding prevented by plugin options. -->\n\n<p>Juan Carlos Albacete. de 42 a\u00f1os, se present\u00f3 este lunes ante el fiscal Marcelo Marcelo y fue acusado por \u00abdoble tentativa de femicidio\u00bb, teniendo en cuenta que en el ataque tambi\u00e9n result\u00f3 herida una joven de 16 a\u00f1os, hija de la v\u00edctima. El detenido se neg\u00f3 a declarar y ser\u00e1 trasladado con destino a San Nicol\u00e1s. Familiares de la mujer, en tanto, convocan a una manifestaci\u00f3n en reclamo de justicia por la v\u00edctima, que se recupera en el Hospital.\u00a0<\/p>\n\n\n\n<p>\u00ab<strong>Gente, ma\u00f1ana 16.30 fuera de la Comisar\u00eda, lleven carteles pidiendo justicia y que no se le cambie la car\u00e1tula de la causa\u00bb<\/strong>, indica la invitaci\u00f3n difundida por la familia de M\u00f3nica, la mujer atacada este domingo por su expareja, Juan Carlos Albacete, que contin\u00faa internada en el Hospital, estable, pero en terapia intensiva.<\/p>\n\n\n\n<p>Este lunes.&nbsp;<strong>Albacete fue trasladado ante el fiscal Marcelo Manso que le ley\u00f3 la car\u00e1tula de su acusaci\u00f3n \u00abDoble tentativa de femicidio agravado por el v\u00ednculo y por mediar violencia de g\u00e9nero\u00bb.<\/strong>&nbsp;Adem\u00e1s de M\u00f3nica, su hija de solo 16 a\u00f1os fue herida tambi\u00e9n con el arma blanca que empu\u00f1aba el violento.&nbsp;<\/p>\n\n\n\n<p><strong>Albacete se neg\u00f3 a declarar<\/strong>&nbsp;y regres\u00f3 a la Comisar\u00eda, donde este martes est\u00e1 prevista la concentraci\u00f3n en reclamo de justicia. Es que el agresor hab\u00eda sido detenido d\u00edas atr\u00e1s y liberado 5 d\u00edas despu\u00e9s, el 11 de agosto, pese a que la Fiscal\u00eda local hab\u00eda solicitado que permaneciera detenido.<\/p>\n\n\n\n<p>El juez de Garant\u00edas de San Nicol\u00e1s,&nbsp;<strong>Rom\u00e1n Parodi, decidi\u00f3 dejarlo en libertad<\/strong>&nbsp;y el potencial femicida volvi\u00f3 a intentar cumplir con su cometido.&nbsp;<\/p>\n\n\n\n<p>El lugar de la concentraci\u00f3n podr\u00eda modificarse ya que, seg\u00fan pudo conocer&nbsp;<strong>Visi\u00f3n Regional<\/strong>, est\u00e1 todo listo para el&nbsp;<strong>traslado de Albacete a la Comisar\u00eda Primera de San Nicol\u00e1s<\/strong><\/p>\n\n\n\n<p>En la madrugada del domingo,&nbsp;<strong>M\u00f3nica puls\u00f3 el bot\u00f3n antip\u00e1nico y un patrullero se hizo presente.<\/strong>&nbsp;Nuevamente Albacete hab\u00eda violado el per\u00edmetro de restricci\u00f3n. Sin embargo&nbsp;<strong>no lograron dar con \u00e9l, y la Polic\u00eda se retir\u00f3 minutos despu\u00e9s. 7.45, Albacete ingres\u00f3 a la fuerza por una ventana y atac\u00f3 a M\u00f3nica y su hija<\/strong>&nbsp;con un arma blanca, antes de darse a la fuga.<\/p>\n\n\n\n<p>Tras varias horas de ser buscado, y mientras M\u00f3nica peleaba por su vida, Albacete fue nuevamente detenido.<\/p>\n\n\n\n<p>Este lunes,<strong>&nbsp;dialogamos con la subsecretaria de Pol\u00edticas de G\u00e9nero, Mujeres y Diversidad, Laura Monfasani<\/strong><\/p>\n","protected":false},"excerpt":{"rendered":"<p>Juan Carlos Albacete. de 42 a\u00f1os, se present\u00f3 este lunes ante el fiscal Marcelo Marcelo y fue acusado por \u00abdoble tentativa de femicidio\u00bb, teniendo en cuenta que en el ataque tambi\u00e9n result\u00f3 herida una joven de 16 a\u00f1os, hija de la v\u00edctima. El detenido se neg\u00f3 a declarar y ser\u00e1 trasladado con destino a San [&hellip;]<\/p>\n","protected":false},"author":4,"featured_media":97829,"comment_status":"closed","ping_status":"closed","sticky":false,"template":"","format":"standard","meta":{"om_disable_all_campaigns":false,"_jetpack_memberships_contains_paid_content":false,"footnotes":""},"categories":[50,101,2],"tags":[],"class_list":["post-97827","post","type-post","status-publish","format-standard","has-post-thumbnail","hentry","category-destacadas","category-interes-general-locales","category-locales"],"aioseo_notices":[],"gutentor_comment":0,"jetpack_featured_media_url":"https:\/\/eldiariodesanpedro.com.ar\/sitio\/wp-content\/uploads\/2021\/08\/medida-10.jpg","jetpack_shortlink":"https:\/\/wp.me\/p6RhLt-prR","jetpack_sharing_enabled":true,"_links":{"self":[{"href":"https:\/\/eldiariodesanpedro.com.ar\/sitio\/wp-json\/wp\/v2\/posts\/97827","targetHints":{"allow":["GET"]}}],"collection":[{"href":"https:\/\/eldiariodesanpedro.com.ar\/sitio\/wp-json\/wp\/v2\/posts"}],"about":[{"href":"https:\/\/eldiariodesanpedro.com.ar\/sitio\/wp-json\/wp\/v2\/types\/post"}],"author":[{"embeddable":true,"href":"https:\/\/eldiariodesanpedro.com.ar\/sitio\/wp-json\/wp\/v2\/users\/4"}],"replies":[{"embeddable":true,"href":"https:\/\/eldiariodesanpedro.com.ar\/sitio\/wp-json\/wp\/v2\/comments?post=97827"}],"version-history":[{"count":1,"href":"https:\/\/eldiariodesanpedro.com.ar\/sitio\/wp-json\/wp\/v2\/posts\/97827\/revisions"}],"predecessor-version":[{"id":97830,"href":"https:\/\/eldiariodesanpedro.com.ar\/sitio\/wp-json\/wp\/v2\/posts\/97827\/revisions\/97830"}],"wp:featuredmedia":[{"embeddable":true,"href":"https:\/\/eldiariodesanpedro.com.ar\/sitio\/wp-json\/wp\/v2\/media\/97829"}],"wp:attachment":[{"href":"https:\/\/eldiariodesanpedro.com.ar\/sitio\/wp-json\/wp\/v2\/media?parent=97827"}],"wp:term":[{"taxonomy":"category","embeddable":true,"href":"https:\/\/eldiariodesanpedro.com.ar\/sitio\/wp-json\/wp\/v2\/categories?post=97827"},{"taxonomy":"post_tag","embeddable":true,"href":"https:\/\/eldiariodesanpedro.com.ar\/sitio\/wp-json\/wp\/v2\/tags?post=97827"}],"curies":[{"name":"wp","href":"https:\/\/api.w.org\/{rel}","templated":true}]}}