{"id":97820,"date":"2021-08-23T14:50:31","date_gmt":"2021-08-23T17:50:31","guid":{"rendered":"https:\/\/eldiariodesanpedro.com.ar\/sitio\/?p=97820"},"modified":"2021-08-23T14:50:35","modified_gmt":"2021-08-23T17:50:35","slug":"el-departamento-de-bromatologia-e-higiene-llevo-a-cabo-el-curso-de-buenas-practicas-de-manufactura","status":"publish","type":"post","link":"https:\/\/eldiariodesanpedro.com.ar\/sitio\/el-departamento-de-bromatologia-e-higiene-llevo-a-cabo-el-curso-de-buenas-practicas-de-manufactura\/","title":{"rendered":"El Departamento de Bromatolog\u00eda e Higiene llev\u00f3 a cabo el curso de Buenas Pr\u00e1cticas de Manufactura"},"content":{"rendered":"<!-- VideographyWP Plugin Message: Automatic video embedding prevented by plugin options. -->\n\n<p>Con una muy buena concurrencia y cuidando todos los protocolos establecidos, el Departamento de Bromatolog\u00eda e Higiene de la Secretar\u00eda de Salud de la Municipalidad de San Pedro llev\u00f3 a delante un nuevo curso de Buenas Pr\u00e1cticas de Manufactura y Buenas Pr\u00e1cticas de Manufactura en \u201cMen\u00fa Libre de Gluten Seguro\u201d.<\/p>\n\n\n\n<p>Durante las tres jornadas que dur\u00f3 la capacitaci\u00f3n, los 90 inscriptos escucharon las indicaciones del personal del Departamento de Bromatolog\u00eda que encabeza Saverio Gutierrez y conocieron, por intermedio de diapositivas que se proyectaron en pantalla, las diferentes formas de manipulaci\u00f3n de los elementos que se utilizan en una cocina y las bacterias que pueden terminar en el organismo en el caso de no ser adecuadamente trabajados.<\/p>\n\n\n\n<figure class=\"wp-block-image size-large\"><img decoding=\"async\" width=\"1024\" height=\"768\" data-attachment-id=\"97821\" data-permalink=\"https:\/\/eldiariodesanpedro.com.ar\/sitio\/el-departamento-de-bromatologia-e-higiene-llevo-a-cabo-el-curso-de-buenas-practicas-de-manufactura\/whatsapp-image-2021-08-23-at-13-34-02-1\/\" data-orig-file=\"https:\/\/eldiariodesanpedro.com.ar\/sitio\/wp-content\/uploads\/2021\/08\/WhatsApp-Image-2021-08-23-at-13.34.02-1.jpeg\" data-orig-size=\"1600,1200\" data-comments-opened=\"0\" data-image-meta=\"{&quot;aperture&quot;:&quot;0&quot;,&quot;credit&quot;:&quot;&quot;,&quot;camera&quot;:&quot;&quot;,&quot;caption&quot;:&quot;&quot;,&quot;created_timestamp&quot;:&quot;0&quot;,&quot;copyright&quot;:&quot;&quot;,&quot;focal_length&quot;:&quot;0&quot;,&quot;iso&quot;:&quot;0&quot;,&quot;shutter_speed&quot;:&quot;0&quot;,&quot;title&quot;:&quot;&quot;,&quot;orientation&quot;:&quot;0&quot;}\" data-image-title=\"WhatsApp Image 2021-08-23 at 13.34.02 (1)\" data-image-description=\"\" data-image-caption=\"\" data-large-file=\"https:\/\/eldiariodesanpedro.com.ar\/sitio\/wp-content\/uploads\/2021\/08\/WhatsApp-Image-2021-08-23-at-13.34.02-1-1024x768.jpeg\" data-src=\"https:\/\/eldiariodesanpedro.com.ar\/sitio\/wp-content\/uploads\/2021\/08\/WhatsApp-Image-2021-08-23-at-13.34.02-1-1024x768.jpeg\" alt=\"\" class=\"wp-image-97821 lazyload\" data-srcset=\"https:\/\/eldiariodesanpedro.com.ar\/sitio\/wp-content\/uploads\/2021\/08\/WhatsApp-Image-2021-08-23-at-13.34.02-1-1024x768.jpeg 1024w, https:\/\/eldiariodesanpedro.com.ar\/sitio\/wp-content\/uploads\/2021\/08\/WhatsApp-Image-2021-08-23-at-13.34.02-1-300x225.jpeg 300w, https:\/\/eldiariodesanpedro.com.ar\/sitio\/wp-content\/uploads\/2021\/08\/WhatsApp-Image-2021-08-23-at-13.34.02-1-768x576.jpeg 768w, https:\/\/eldiariodesanpedro.com.ar\/sitio\/wp-content\/uploads\/2021\/08\/WhatsApp-Image-2021-08-23-at-13.34.02-1-1536x1152.jpeg 1536w, https:\/\/eldiariodesanpedro.com.ar\/sitio\/wp-content\/uploads\/2021\/08\/WhatsApp-Image-2021-08-23-at-13.34.02-1-500x375.jpeg 500w, https:\/\/eldiariodesanpedro.com.ar\/sitio\/wp-content\/uploads\/2021\/08\/WhatsApp-Image-2021-08-23-at-13.34.02-1.jpeg 1600w\" data-sizes=\"(max-width: 1024px) 100vw, 1024px\" src=\"data:image\/svg+xml;base64,PHN2ZyB3aWR0aD0iMSIgaGVpZ2h0PSIxIiB4bWxucz0iaHR0cDovL3d3dy53My5vcmcvMjAwMC9zdmciPjwvc3ZnPg==\" style=\"--smush-placeholder-width: 1024px; --smush-placeholder-aspect-ratio: 1024\/768;\" \/><\/figure>\n","protected":false},"excerpt":{"rendered":"<p>Con una muy buena concurrencia y cuidando todos los protocolos establecidos, el Departamento de Bromatolog\u00eda e Higiene de la Secretar\u00eda de Salud de la Municipalidad de San Pedro llev\u00f3 a delante un nuevo curso de Buenas Pr\u00e1cticas de Manufactura y Buenas Pr\u00e1cticas de Manufactura en \u201cMen\u00fa Libre de Gluten Seguro\u201d. Durante las tres jornadas que [&hellip;]<\/p>\n","protected":false},"author":4,"featured_media":97822,"comment_status":"closed","ping_status":"closed","sticky":false,"template":"","format":"standard","meta":{"om_disable_all_campaigns":false,"_jetpack_memberships_contains_paid_content":false,"footnotes":""},"categories":[101,2],"tags":[],"class_list":["post-97820","post","type-post","status-publish","format-standard","has-post-thumbnail","hentry","category-interes-general-locales","category-locales"],"aioseo_notices":[],"gutentor_comment":0,"jetpack_featured_media_url":"https:\/\/eldiariodesanpedro.com.ar\/sitio\/wp-content\/uploads\/2021\/08\/WhatsApp-Image-2021-08-23-at-13.34.02.jpeg","jetpack_shortlink":"https:\/\/wp.me\/p6RhLt-prK","jetpack_sharing_enabled":true,"_links":{"self":[{"href":"https:\/\/eldiariodesanpedro.com.ar\/sitio\/wp-json\/wp\/v2\/posts\/97820","targetHints":{"allow":["GET"]}}],"collection":[{"href":"https:\/\/eldiariodesanpedro.com.ar\/sitio\/wp-json\/wp\/v2\/posts"}],"about":[{"href":"https:\/\/eldiariodesanpedro.com.ar\/sitio\/wp-json\/wp\/v2\/types\/post"}],"author":[{"embeddable":true,"href":"https:\/\/eldiariodesanpedro.com.ar\/sitio\/wp-json\/wp\/v2\/users\/4"}],"replies":[{"embeddable":true,"href":"https:\/\/eldiariodesanpedro.com.ar\/sitio\/wp-json\/wp\/v2\/comments?post=97820"}],"version-history":[{"count":1,"href":"https:\/\/eldiariodesanpedro.com.ar\/sitio\/wp-json\/wp\/v2\/posts\/97820\/revisions"}],"predecessor-version":[{"id":97823,"href":"https:\/\/eldiariodesanpedro.com.ar\/sitio\/wp-json\/wp\/v2\/posts\/97820\/revisions\/97823"}],"wp:featuredmedia":[{"embeddable":true,"href":"https:\/\/eldiariodesanpedro.com.ar\/sitio\/wp-json\/wp\/v2\/media\/97822"}],"wp:attachment":[{"href":"https:\/\/eldiariodesanpedro.com.ar\/sitio\/wp-json\/wp\/v2\/media?parent=97820"}],"wp:term":[{"taxonomy":"category","embeddable":true,"href":"https:\/\/eldiariodesanpedro.com.ar\/sitio\/wp-json\/wp\/v2\/categories?post=97820"},{"taxonomy":"post_tag","embeddable":true,"href":"https:\/\/eldiariodesanpedro.com.ar\/sitio\/wp-json\/wp\/v2\/tags?post=97820"}],"curies":[{"name":"wp","href":"https:\/\/api.w.org\/{rel}","templated":true}]}}