{"id":97817,"date":"2021-08-23T14:40:38","date_gmt":"2021-08-23T17:40:38","guid":{"rendered":"https:\/\/eldiariodesanpedro.com.ar\/sitio\/?p=97817"},"modified":"2021-08-23T14:40:42","modified_gmt":"2021-08-23T17:40:42","slug":"el-intendente-firmo-un-convenio-de-colaboracion-entre-el-instituto-nacional-de-tecnologia-industrial-y-la-municipalidad-de-san-pedro","status":"publish","type":"post","link":"https:\/\/eldiariodesanpedro.com.ar\/sitio\/el-intendente-firmo-un-convenio-de-colaboracion-entre-el-instituto-nacional-de-tecnologia-industrial-y-la-municipalidad-de-san-pedro\/","title":{"rendered":"El intendente firm\u00f3 un convenio de colaboraci\u00f3n entre el Instituto Nacional de Tecnolog\u00eda Industrial y la Municipalidad de San Pedro"},"content":{"rendered":"<!-- VideographyWP Plugin Message: Automatic video embedding prevented by plugin options. -->\n\n<p>El Intendente Cecilio Salazar llev\u00f3 a cabo la firma del convenio de colaboraci\u00f3n con el Instituto Nacional de Tecnolog\u00eda Industrial (INTI) que permitir\u00e1 desarrollar actividades en conjunto con la finalidad de promover el desarrollo productivo en la ciudad mediante capacitaciones, asistencia t\u00e9cnica y la transferencia tecnol\u00f3gica que este acuerdo intenta impulsar.<\/p>\n\n\n\n<p>De esta manera, el municipio podr\u00e1 recibir asistencia t\u00e9cnica mediante la provisi\u00f3n de soluciones integrales o especificas a las problem\u00e1ticas que se puedan identificar mediante el trabajo conjunto, articulando con todos los Centros de Investigaci\u00f3n y Desarrollo que posee el INTI.<\/p>\n\n\n\n<p>Adem\u00e1s, se estableci\u00f3 la puesta en marcha de una ventanilla del organismo en un espacio municipal dependiente de la Secretar\u00eda de Desarrollo Econ\u00f3mico, con el objeto de que un responsable del Instituto concurra cada quince d\u00edas con una agenda de reuniones articuladas por el municipio con empresas industriales locales, quienes podr\u00e1n proyectar junto al INTI un plan de acci\u00f3n cuya implementaci\u00f3n se realizar\u00e1 mediante la apertura de \u00d3rdenes de Trabajo en la cual se establecer\u00e1n naturaleza, t\u00e9rminos y alcance de las actividades a desarrollar, as\u00ed como tambi\u00e9n objetivos y planes de trabajo, plazos de ejecuci\u00f3n de las tareas, equipamiento y personal afectados, compromisos presupuestarios, costo de los trabajos, plazos y toda otra cuesti\u00f3n pertinente.<\/p>\n","protected":false},"excerpt":{"rendered":"<p>El Intendente Cecilio Salazar llev\u00f3 a cabo la firma del convenio de colaboraci\u00f3n con el Instituto Nacional de Tecnolog\u00eda Industrial (INTI) que permitir\u00e1 desarrollar actividades en conjunto con la finalidad de promover el desarrollo productivo en la ciudad mediante capacitaciones, asistencia t\u00e9cnica y la transferencia tecnol\u00f3gica que este acuerdo intenta impulsar. De esta manera, el [&hellip;]<\/p>\n","protected":false},"author":4,"featured_media":97818,"comment_status":"closed","ping_status":"closed","sticky":false,"template":"","format":"standard","meta":{"om_disable_all_campaigns":false,"_jetpack_memberships_contains_paid_content":false,"footnotes":""},"categories":[101,2],"tags":[],"class_list":["post-97817","post","type-post","status-publish","format-standard","has-post-thumbnail","hentry","category-interes-general-locales","category-locales"],"aioseo_notices":[],"gutentor_comment":0,"jetpack_featured_media_url":"https:\/\/eldiariodesanpedro.com.ar\/sitio\/wp-content\/uploads\/2021\/08\/WhatsApp-Image-2021-08-23-at-12.57.41.jpeg","jetpack_shortlink":"https:\/\/wp.me\/p6RhLt-prH","jetpack_sharing_enabled":true,"_links":{"self":[{"href":"https:\/\/eldiariodesanpedro.com.ar\/sitio\/wp-json\/wp\/v2\/posts\/97817","targetHints":{"allow":["GET"]}}],"collection":[{"href":"https:\/\/eldiariodesanpedro.com.ar\/sitio\/wp-json\/wp\/v2\/posts"}],"about":[{"href":"https:\/\/eldiariodesanpedro.com.ar\/sitio\/wp-json\/wp\/v2\/types\/post"}],"author":[{"embeddable":true,"href":"https:\/\/eldiariodesanpedro.com.ar\/sitio\/wp-json\/wp\/v2\/users\/4"}],"replies":[{"embeddable":true,"href":"https:\/\/eldiariodesanpedro.com.ar\/sitio\/wp-json\/wp\/v2\/comments?post=97817"}],"version-history":[{"count":1,"href":"https:\/\/eldiariodesanpedro.com.ar\/sitio\/wp-json\/wp\/v2\/posts\/97817\/revisions"}],"predecessor-version":[{"id":97819,"href":"https:\/\/eldiariodesanpedro.com.ar\/sitio\/wp-json\/wp\/v2\/posts\/97817\/revisions\/97819"}],"wp:featuredmedia":[{"embeddable":true,"href":"https:\/\/eldiariodesanpedro.com.ar\/sitio\/wp-json\/wp\/v2\/media\/97818"}],"wp:attachment":[{"href":"https:\/\/eldiariodesanpedro.com.ar\/sitio\/wp-json\/wp\/v2\/media?parent=97817"}],"wp:term":[{"taxonomy":"category","embeddable":true,"href":"https:\/\/eldiariodesanpedro.com.ar\/sitio\/wp-json\/wp\/v2\/categories?post=97817"},{"taxonomy":"post_tag","embeddable":true,"href":"https:\/\/eldiariodesanpedro.com.ar\/sitio\/wp-json\/wp\/v2\/tags?post=97817"}],"curies":[{"name":"wp","href":"https:\/\/api.w.org\/{rel}","templated":true}]}}