{"id":97812,"date":"2021-08-23T14:01:30","date_gmt":"2021-08-23T17:01:30","guid":{"rendered":"https:\/\/eldiariodesanpedro.com.ar\/sitio\/?p=97812"},"modified":"2021-08-23T14:01:34","modified_gmt":"2021-08-23T17:01:34","slug":"intento-de-femicidio-la-mujer-se-encuentra-aun-grave-pero-estable","status":"publish","type":"post","link":"https:\/\/eldiariodesanpedro.com.ar\/sitio\/intento-de-femicidio-la-mujer-se-encuentra-aun-grave-pero-estable\/","title":{"rendered":"Intento de femicidio: la mujer se encuentra aun grave pero estable"},"content":{"rendered":"<!-- VideographyWP Plugin Message: Automatic video embedding prevented by plugin options. -->\n\n<p>La mujer de 35 a\u00f1os que fue gravemente herida por su expareja, Juan Carlos Albacete, se recupera en el Hospital de San Pedro, donde ingres\u00f3 con heridas punzocortantes en el t\u00f3rax, espalda y un gl\u00fateo. El agresor, que fue detenido horas m\u00e1s tarde, declarar\u00e1 este lunes ante el fiscal Marcelo Manso, que interviene en la causa, acusado de \u00abtentantiva de homicidio agravado por el v\u00ednculo\u00bb.\u00a0<\/p>\n\n\n\n<p>En la ma\u00f1ana del domingo,\u00a0Juan Carlos Albacete de 42 a\u00f1os ingres\u00f3 a la vivienda de su expareja, de 35 a\u00f1os, y la atac\u00f3\u00a0con un arma blanca en el pecho, la espalda y una de sus piernas. Luego se dio a la fuga, mientras que la mujer fue asistida por una ambulancia del Hospital, al que lleg\u00f3 descompensada y con mucha p\u00e9rdida de sangre. Afortunadamente, el esfuerzo de los m\u00e9dicos logr\u00f3 estabilizarla.<\/p>\n\n\n\n<p>Seg\u00fan pudo confirmar Visi\u00f3n Regional la mujer se encuentra \u00abestable\u00bb y pudo dialogar con los m\u00e9dicos y hasta con la subsecretaria de Pol\u00edticas de G\u00e9nero, Mujeres y Diversidad Laura Monfasani, que se hizo presente en el lugar junto a la titular de la Comisar\u00eda de la Mujer y la Familia, Valeria Sosa.&nbsp;<\/p>\n\n\n\n<p>El testimonio de la v\u00edctima ser\u00e1 clave en la causa y se espera que en las pr\u00f3ximas horas relate lo sucedido ante el fiscal Marcelo Manso, que este lunes tambi\u00e9n\u00a0indagar\u00e1 al detenido, que pas\u00f3 la noche en la Comisar\u00eda.<\/p>\n\n\n\n<p>Albacete tiene frondosos antecedentes penales por delitos de diversa \u00edndole y varias denuncias por violencia de g\u00e9nero. En la \u00faltima oportunidad, fue detenido luego de agredir a la misma v\u00edctima que hoy est\u00e1 internada e intentar cortarse el cuello luego. Pese al pedido de la fiscal\u00eda interviniente para que Albacete quedara detenido, el juez de Garant\u00edas Rom\u00e1n Parodi dispuso su liberaci\u00f3n.<\/p>\n\n\n\n<p>Once d\u00edas despu\u00e9s de haber sido dejado en libertad, Albacete intent\u00f3 nuevamente matar a su expareja. El hecho vuelve a colocar sobre el tapete la necesidad urgente de una reforma judicial con perspectiva de g\u00e9nero, reclamo que fue eje central de la movilizaci\u00f3n del pasado 8 de marzo en todo el pa\u00eds, y tambi\u00e9n en San Pedro, en una\u00a0actividad convocada por la Multisectorial feminista\u00a0y que concluy\u00f3 con la lectura de un documento frente a las puertas de la fiscal\u00eda local.\u00a0<\/p>\n","protected":false},"excerpt":{"rendered":"<p>La mujer de 35 a\u00f1os que fue gravemente herida por su expareja, Juan Carlos Albacete, se recupera en el Hospital de San Pedro, donde ingres\u00f3 con heridas punzocortantes en el t\u00f3rax, espalda y un gl\u00fateo. El agresor, que fue detenido horas m\u00e1s tarde, declarar\u00e1 este lunes ante el fiscal Marcelo Manso, que interviene en la [&hellip;]<\/p>\n","protected":false},"author":4,"featured_media":97813,"comment_status":"closed","ping_status":"closed","sticky":false,"template":"","format":"standard","meta":{"om_disable_all_campaigns":false,"_jetpack_memberships_contains_paid_content":false,"footnotes":""},"categories":[50,101,2],"tags":[],"class_list":["post-97812","post","type-post","status-publish","format-standard","has-post-thumbnail","hentry","category-destacadas","category-interes-general-locales","category-locales"],"aioseo_notices":[],"gutentor_comment":0,"jetpack_featured_media_url":"https:\/\/eldiariodesanpedro.com.ar\/sitio\/wp-content\/uploads\/2021\/08\/0000020220-resized-1920x1080-1.jpg","jetpack_shortlink":"https:\/\/wp.me\/p6RhLt-prC","jetpack_sharing_enabled":true,"_links":{"self":[{"href":"https:\/\/eldiariodesanpedro.com.ar\/sitio\/wp-json\/wp\/v2\/posts\/97812","targetHints":{"allow":["GET"]}}],"collection":[{"href":"https:\/\/eldiariodesanpedro.com.ar\/sitio\/wp-json\/wp\/v2\/posts"}],"about":[{"href":"https:\/\/eldiariodesanpedro.com.ar\/sitio\/wp-json\/wp\/v2\/types\/post"}],"author":[{"embeddable":true,"href":"https:\/\/eldiariodesanpedro.com.ar\/sitio\/wp-json\/wp\/v2\/users\/4"}],"replies":[{"embeddable":true,"href":"https:\/\/eldiariodesanpedro.com.ar\/sitio\/wp-json\/wp\/v2\/comments?post=97812"}],"version-history":[{"count":1,"href":"https:\/\/eldiariodesanpedro.com.ar\/sitio\/wp-json\/wp\/v2\/posts\/97812\/revisions"}],"predecessor-version":[{"id":97814,"href":"https:\/\/eldiariodesanpedro.com.ar\/sitio\/wp-json\/wp\/v2\/posts\/97812\/revisions\/97814"}],"wp:featuredmedia":[{"embeddable":true,"href":"https:\/\/eldiariodesanpedro.com.ar\/sitio\/wp-json\/wp\/v2\/media\/97813"}],"wp:attachment":[{"href":"https:\/\/eldiariodesanpedro.com.ar\/sitio\/wp-json\/wp\/v2\/media?parent=97812"}],"wp:term":[{"taxonomy":"category","embeddable":true,"href":"https:\/\/eldiariodesanpedro.com.ar\/sitio\/wp-json\/wp\/v2\/categories?post=97812"},{"taxonomy":"post_tag","embeddable":true,"href":"https:\/\/eldiariodesanpedro.com.ar\/sitio\/wp-json\/wp\/v2\/tags?post=97812"}],"curies":[{"name":"wp","href":"https:\/\/api.w.org\/{rel}","templated":true}]}}