{"id":97806,"date":"2021-08-23T13:28:01","date_gmt":"2021-08-23T16:28:01","guid":{"rendered":"https:\/\/eldiariodesanpedro.com.ar\/sitio\/?p=97806"},"modified":"2021-08-23T13:33:20","modified_gmt":"2021-08-23T16:33:20","slug":"le-rompieron-la-luneta-a-un-movil-cuando-se-dirigia-a-un-conflicto-familiar","status":"publish","type":"post","link":"https:\/\/eldiariodesanpedro.com.ar\/sitio\/le-rompieron-la-luneta-a-un-movil-cuando-se-dirigia-a-un-conflicto-familiar\/","title":{"rendered":"Le rompieron la luneta a un m\u00f3vil cuando se dirig\u00eda a un conflicto familiar"},"content":{"rendered":"<!-- VideographyWP Plugin Message: Automatic video embedding prevented by plugin options. -->\n\n<p>En horas de la ma\u00f1ana del domingo el personal policial de nuestra ciudad tras ser alertado por un llamado al 911 se hace presente en una vivienda donde se desarrollaba un conflicto familiar por lo que se comisiona un m\u00f3vil en Molina y Zannucoli, momento cu\u00e1l recibe impacto de elemento contundente en luneta m\u00f3vil policial, provocando estallido mismo.&nbsp;<\/p>\n\n\n\n<p>El agresor logr\u00f3 fugarse, pese a ser reconocido delincuente de 24 a\u00f1os, sobre quien se procura su detenci\u00f3n.&nbsp;<\/p>\n\n\n\n<p>En la huida se le cay\u00f3 su tel\u00e9fono celular que fue secuestrado, el personal policial est\u00e1 ileso.<\/p>\n\n\n\n<figure class=\"wp-block-image size-large\"><img decoding=\"async\" width=\"1024\" height=\"552\" data-attachment-id=\"97810\" data-permalink=\"https:\/\/eldiariodesanpedro.com.ar\/sitio\/le-rompieron-la-luneta-a-un-movil-cuando-se-dirigia-a-un-conflicto-familiar\/whatsapp-image-2021-08-23-at-09-58-29-1\/\" data-orig-file=\"https:\/\/eldiariodesanpedro.com.ar\/sitio\/wp-content\/uploads\/2021\/08\/WhatsApp-Image-2021-08-23-at-09.58.29-1.jpeg\" data-orig-size=\"1280,690\" data-comments-opened=\"0\" data-image-meta=\"{&quot;aperture&quot;:&quot;0&quot;,&quot;credit&quot;:&quot;&quot;,&quot;camera&quot;:&quot;&quot;,&quot;caption&quot;:&quot;&quot;,&quot;created_timestamp&quot;:&quot;0&quot;,&quot;copyright&quot;:&quot;&quot;,&quot;focal_length&quot;:&quot;0&quot;,&quot;iso&quot;:&quot;0&quot;,&quot;shutter_speed&quot;:&quot;0&quot;,&quot;title&quot;:&quot;&quot;,&quot;orientation&quot;:&quot;0&quot;}\" data-image-title=\"WhatsApp-Image-2021-08-23-at-09.58.29-1\" data-image-description=\"\" data-image-caption=\"\" data-large-file=\"https:\/\/eldiariodesanpedro.com.ar\/sitio\/wp-content\/uploads\/2021\/08\/WhatsApp-Image-2021-08-23-at-09.58.29-1-1024x552.jpeg\" data-src=\"https:\/\/eldiariodesanpedro.com.ar\/sitio\/wp-content\/uploads\/2021\/08\/WhatsApp-Image-2021-08-23-at-09.58.29-1-1024x552.jpeg\" alt=\"\" class=\"wp-image-97810 lazyload\" data-srcset=\"https:\/\/eldiariodesanpedro.com.ar\/sitio\/wp-content\/uploads\/2021\/08\/WhatsApp-Image-2021-08-23-at-09.58.29-1-1024x552.jpeg 1024w, https:\/\/eldiariodesanpedro.com.ar\/sitio\/wp-content\/uploads\/2021\/08\/WhatsApp-Image-2021-08-23-at-09.58.29-1-300x162.jpeg 300w, https:\/\/eldiariodesanpedro.com.ar\/sitio\/wp-content\/uploads\/2021\/08\/WhatsApp-Image-2021-08-23-at-09.58.29-1-768x414.jpeg 768w, https:\/\/eldiariodesanpedro.com.ar\/sitio\/wp-content\/uploads\/2021\/08\/WhatsApp-Image-2021-08-23-at-09.58.29-1.jpeg 1280w\" data-sizes=\"(max-width: 1024px) 100vw, 1024px\" src=\"data:image\/svg+xml;base64,PHN2ZyB3aWR0aD0iMSIgaGVpZ2h0PSIxIiB4bWxucz0iaHR0cDovL3d3dy53My5vcmcvMjAwMC9zdmciPjwvc3ZnPg==\" style=\"--smush-placeholder-width: 1024px; --smush-placeholder-aspect-ratio: 1024\/552;\" \/><\/figure>\n","protected":false},"excerpt":{"rendered":"<p>En horas de la ma\u00f1ana del domingo el personal policial de nuestra ciudad tras ser alertado por un llamado al 911 se hace presente en una vivienda donde se desarrollaba un conflicto familiar por lo que se comisiona un m\u00f3vil en Molina y Zannucoli, momento cu\u00e1l recibe impacto de elemento contundente en luneta m\u00f3vil policial, [&hellip;]<\/p>\n","protected":false},"author":4,"featured_media":97807,"comment_status":"closed","ping_status":"closed","sticky":false,"template":"","format":"standard","meta":{"om_disable_all_campaigns":false,"_jetpack_memberships_contains_paid_content":false,"footnotes":""},"categories":[2,103],"tags":[],"class_list":["post-97806","post","type-post","status-publish","format-standard","has-post-thumbnail","hentry","category-locales","category-policiales-locales"],"aioseo_notices":[],"gutentor_comment":0,"jetpack_featured_media_url":"https:\/\/eldiariodesanpedro.com.ar\/sitio\/wp-content\/uploads\/2021\/08\/medida-9.jpg","jetpack_shortlink":"https:\/\/wp.me\/p6RhLt-prw","jetpack_sharing_enabled":true,"_links":{"self":[{"href":"https:\/\/eldiariodesanpedro.com.ar\/sitio\/wp-json\/wp\/v2\/posts\/97806","targetHints":{"allow":["GET"]}}],"collection":[{"href":"https:\/\/eldiariodesanpedro.com.ar\/sitio\/wp-json\/wp\/v2\/posts"}],"about":[{"href":"https:\/\/eldiariodesanpedro.com.ar\/sitio\/wp-json\/wp\/v2\/types\/post"}],"author":[{"embeddable":true,"href":"https:\/\/eldiariodesanpedro.com.ar\/sitio\/wp-json\/wp\/v2\/users\/4"}],"replies":[{"embeddable":true,"href":"https:\/\/eldiariodesanpedro.com.ar\/sitio\/wp-json\/wp\/v2\/comments?post=97806"}],"version-history":[{"count":2,"href":"https:\/\/eldiariodesanpedro.com.ar\/sitio\/wp-json\/wp\/v2\/posts\/97806\/revisions"}],"predecessor-version":[{"id":97811,"href":"https:\/\/eldiariodesanpedro.com.ar\/sitio\/wp-json\/wp\/v2\/posts\/97806\/revisions\/97811"}],"wp:featuredmedia":[{"embeddable":true,"href":"https:\/\/eldiariodesanpedro.com.ar\/sitio\/wp-json\/wp\/v2\/media\/97807"}],"wp:attachment":[{"href":"https:\/\/eldiariodesanpedro.com.ar\/sitio\/wp-json\/wp\/v2\/media?parent=97806"}],"wp:term":[{"taxonomy":"category","embeddable":true,"href":"https:\/\/eldiariodesanpedro.com.ar\/sitio\/wp-json\/wp\/v2\/categories?post=97806"},{"taxonomy":"post_tag","embeddable":true,"href":"https:\/\/eldiariodesanpedro.com.ar\/sitio\/wp-json\/wp\/v2\/tags?post=97806"}],"curies":[{"name":"wp","href":"https:\/\/api.w.org\/{rel}","templated":true}]}}