{"id":9780,"date":"2016-11-04T19:51:16","date_gmt":"2016-11-04T22:51:16","guid":{"rendered":"https:\/\/eldiariodesanpedro.com.ar\/sitio\/?p=9780"},"modified":"2016-11-04T19:51:16","modified_gmt":"2016-11-04T22:51:16","slug":"estafas-inmobiliarias-detienen-a-un-escribano-que-intento-vender-un-campo-en-baradero","status":"publish","type":"post","link":"https:\/\/eldiariodesanpedro.com.ar\/sitio\/estafas-inmobiliarias-detienen-a-un-escribano-que-intento-vender-un-campo-en-baradero\/","title":{"rendered":"Estafas inmobiliarias: Detienen a un escribano que intent\u00f3 \u201cvender\u201d un campo en Baradero"},"content":{"rendered":"<p><!-- VideographyWP Plugin Message: Automatic video embedding prevented by plugin options. --><br \/>\nEduardo Mart\u00edn Torres, el escribano detenido hace tres semanas y acusado junto a otras diez personas de conformar una asociaci\u00f3n il\u00edcita acusada de cometer estafas inmobiliarias y lavado de activos, fue procesado una vez m\u00e1s en una causa del viejo sistema penal por un delito id\u00e9ntico a los atribuidos al grupo: un fraude con un campo de Baradero que se intent\u00f3 vender mediante un poder ap\u00f3crifo. Con \u00e9l fue procesado otro hombre (familiar de un expe\u00f3n del campo), a cuyo nombre fue otorgado el falso poder de venta. Con esta medida, ambos ir\u00e1n a juicio escrito por los delitos de estafa en tentativa y falsificaci\u00f3n de documento p\u00fablico.<\/p>\n<p><strong>La ca\u00edda<\/strong><\/p>\n<p>El escribano Torres fue apresado el 12 de octubre por una investigaci\u00f3n de la Unidad de Delitos Complejos de la Fiscal\u00eda local. Fue considerado por el fiscal Sebasti\u00e1n Narvaja como uno de los tres notarios que se ocupaban de darle apariencia de legalidad a las estafas con inmuebles. Luego la jueza M\u00f3nica Lamperti dispuso que permanezca en prisi\u00f3n preventiva. Adem\u00e1s, el profesional hab\u00eda sido procesado en julio por la jueza Alejandra Rodenas en un expediente del viejo sistema penal por defraudaci\u00f3n en perjuicio de la administraci\u00f3n p\u00fablica y falsificaci\u00f3n de documento p\u00fablico.<\/p>\n<p>En la causa reciente por fraudes inmobiliarios aparece mencionado en los seis hechos detectados por la Fiscal\u00eda. La maniobra m\u00e1s frecuente que le atribuyen es la confecci\u00f3n de falsos poderes de venta con firmas ap\u00f3crifas de los due\u00f1os de los inmuebles. Al grupo se lo acusa de actuar como una asociaci\u00f3n il\u00edcita que ejecutaba fraudes reiterados con propiedades de las que se apoderaban de manera ileg\u00edtima e inscrib\u00edan en el Registro de la Propiedad con documentaci\u00f3n falsa, para luego darles apariencia legal e introducirlas en el mercado pas\u00e1ndolas de mano en mano a trav\u00e9s de ventas. Adem\u00e1s les reprochan el delito de lavado de activos.<\/p>\n<p><strong>El nuevo caso<\/strong><\/p>\n<p>La jueza Delia Paleari proces\u00f3 ahora a Torres en otra causa previa al cambio de sistema penal. El proceso se inici\u00f3 con la denuncia de Eduardo Federico Ansaldo, un hombre que en mayo de 2012 vendi\u00f3 parte de su campo \u201cLa Esperanza\u201d, una extensi\u00f3n de 98 hect\u00e1reas en la localidad bonaerense de Baradero. El denunciante revel\u00f3 que el 7 de agosto de ese a\u00f1o recibi\u00f3 un llamado desde una escriban\u00eda de Buenos Aires para consultarlo por un poder que \u00e9l supuestamente hab\u00eda extendido a nombre de Gustavo Migliorisi, autoriz\u00e1ndolo a que vendiera el campo en su nombre.<\/p>\n<p>Ansaldo respondi\u00f3 que no hab\u00eda otorgado mandato alguno y gestion\u00f3 una reuni\u00f3n en la escriban\u00eda para examinar el poder en cuesti\u00f3n. En esa oficina le mostraron una fotocopia y constat\u00f3 que figuraban sus datos, aunque la firma \u2014con la apariencia de un garabato\u2014 era falsa. En ese poder ap\u00f3crifo, confeccionado con firma y sello del escribano Torres, Ansaldo autorizaba a realizar transacciones con la propiedad de Baradero a Gustavo Adolfo Migliorisi. Ese nombre le result\u00f3 familiar: seg\u00fan cont\u00f3, en 2011 hab\u00eda despedido a un pe\u00f3n del campo y un hombre que dijo ser su primo ocup\u00f3 por un breve tiempo la vivienda rural. Esa persona era Migliorisi.<\/p>\n<p>Tras evaluar las pruebas reunidas en la investigaci\u00f3n la jueza concluy\u00f3 que \u201cexiste la probabilidad\u201d de que Torres \u201chaya falsificado un instrumento p\u00fablico\u201d en el que se insertaron declaraciones falsas en perjuicio de Ansaldo: \u201cSe falsific\u00f3 un mandato de venta de un campo ubicado en Baradero que el denunciante ya hab\u00eda vendido y entregado posesi\u00f3n en fecha 29 de mayo de 2012\u201d.<\/p>\n<p>Para la jueza, \u201cMigliorisi ha participado de la tentativa de estafa y la falsificaci\u00f3n, figurando como beneficiario\u201d del poder ap\u00f3crifo. Una pericia caligr\u00e1fica constat\u00f3 que la firma de Ansaldo en ese documento era falsa. La jueza tambi\u00e9n tuvo en cuenta la declaraci\u00f3n del escribano bonaerense que alert\u00f3 a Ansaldo. Este profesional, al atestiguar en la causa, dijo que el 16 de mayo de 2012 recibi\u00f3 un llamado de Torres a quien conoc\u00eda porque \u201cfue recomendado por el Colegio de Escribanos de Rosario en hechos anteriores\u201d y que le \u201cmerec\u00eda su confianza por haber trabajado eficientemente\u201d.<\/p>\n<p>Seg\u00fan cont\u00f3, Torres le dijo que ir\u00eda a verlo un hombre interesado en comprar el campo de Baradero.<br \/>\nEl escribano se entrevist\u00f3 con el comprador y recibi\u00f3 documentaci\u00f3n de la propiedad y el poder de venta, firmado el 31 de mayo de 2012 ante su colega Torres. Procedi\u00f3 al estudio de los t\u00edtulos, contact\u00f3 a Ansaldo y as\u00ed se enter\u00f3 de que era falso. Al desbaratarse el enga\u00f1o con su llamado la operaci\u00f3n de compraventa no se hizo.<\/p>\n","protected":false},"excerpt":{"rendered":"<p>Eduardo Mart\u00edn Torres, el escribano detenido hace tres semanas y acusado junto a otras diez personas de conformar una asociaci\u00f3n il\u00edcita acusada de cometer estafas inmobiliarias y lavado de activos, fue procesado una vez m\u00e1s en una causa del viejo sistema penal por un delito id\u00e9ntico a los atribuidos al grupo: un fraude con un [&hellip;]<\/p>\n","protected":false},"author":4,"featured_media":9781,"comment_status":"open","ping_status":"closed","sticky":false,"template":"","format":"standard","meta":{"om_disable_all_campaigns":false,"_jetpack_memberships_contains_paid_content":false,"footnotes":""},"categories":[50,101,2],"tags":[],"class_list":["post-9780","post","type-post","status-publish","format-standard","has-post-thumbnail","hentry","category-destacadas","category-interes-general-locales","category-locales"],"aioseo_notices":[],"gutentor_comment":0,"jetpack_featured_media_url":"https:\/\/eldiariodesanpedro.com.ar\/sitio\/wp-content\/uploads\/2016\/11\/PAGINA-6-2.jpg","jetpack_shortlink":"https:\/\/wp.me\/p6RhLt-2xK","jetpack_sharing_enabled":true,"_links":{"self":[{"href":"https:\/\/eldiariodesanpedro.com.ar\/sitio\/wp-json\/wp\/v2\/posts\/9780","targetHints":{"allow":["GET"]}}],"collection":[{"href":"https:\/\/eldiariodesanpedro.com.ar\/sitio\/wp-json\/wp\/v2\/posts"}],"about":[{"href":"https:\/\/eldiariodesanpedro.com.ar\/sitio\/wp-json\/wp\/v2\/types\/post"}],"author":[{"embeddable":true,"href":"https:\/\/eldiariodesanpedro.com.ar\/sitio\/wp-json\/wp\/v2\/users\/4"}],"replies":[{"embeddable":true,"href":"https:\/\/eldiariodesanpedro.com.ar\/sitio\/wp-json\/wp\/v2\/comments?post=9780"}],"version-history":[{"count":1,"href":"https:\/\/eldiariodesanpedro.com.ar\/sitio\/wp-json\/wp\/v2\/posts\/9780\/revisions"}],"predecessor-version":[{"id":9782,"href":"https:\/\/eldiariodesanpedro.com.ar\/sitio\/wp-json\/wp\/v2\/posts\/9780\/revisions\/9782"}],"wp:featuredmedia":[{"embeddable":true,"href":"https:\/\/eldiariodesanpedro.com.ar\/sitio\/wp-json\/wp\/v2\/media\/9781"}],"wp:attachment":[{"href":"https:\/\/eldiariodesanpedro.com.ar\/sitio\/wp-json\/wp\/v2\/media?parent=9780"}],"wp:term":[{"taxonomy":"category","embeddable":true,"href":"https:\/\/eldiariodesanpedro.com.ar\/sitio\/wp-json\/wp\/v2\/categories?post=9780"},{"taxonomy":"post_tag","embeddable":true,"href":"https:\/\/eldiariodesanpedro.com.ar\/sitio\/wp-json\/wp\/v2\/tags?post=9780"}],"curies":[{"name":"wp","href":"https:\/\/api.w.org\/{rel}","templated":true}]}}