{"id":97798,"date":"2021-08-23T12:31:54","date_gmt":"2021-08-23T15:31:54","guid":{"rendered":"https:\/\/eldiariodesanpedro.com.ar\/sitio\/?p=97798"},"modified":"2021-08-23T12:31:59","modified_gmt":"2021-08-23T15:31:59","slug":"circulo-medico-que-la-campana-no-tape-lo-importante","status":"publish","type":"post","link":"https:\/\/eldiariodesanpedro.com.ar\/sitio\/circulo-medico-que-la-campana-no-tape-lo-importante\/","title":{"rendered":"Circulo Medico: \u00abQue la campa\u00f1a no tape lo importante\u00bb"},"content":{"rendered":"<!-- VideographyWP Plugin Message: Automatic video embedding prevented by plugin options. -->\n\n<p>El Circulo M\u00e9dico de San Pedro, es una instituci\u00f3n civil con 62 a\u00f1os de trayectoria en la sociedad sampedrina.<br><br>Es una entidad que agrupa, nuclea y representa al 85% de los m\u00e9dicos que desarrollan su actividad profesional en nuestra ciudad y que libremente eligen ser parte de la misma.<br><br>Pero no es solo una instituci\u00f3n; &nbsp;el Circulo Medico somos cada uno de los m\u00e9dicos que trabajamos en los diferentes consultorios, centros de salud, localidades vecinas, en internaci\u00f3n, en Terapia Intensiva, en pediatr\u00eda,&nbsp; en quir\u00f3fano, en fin, innumerables situaciones.<br><br>Muchos de nosotros lo hacemos tanto en el sistema p\u00fablico como en el privado.&nbsp;<br><br>Nuestra vocaci\u00f3n y compromiso social qued\u00f3 bien evidenciado en la lucha contra el Covid,&nbsp; trabajando a destajo y codo a codo con el sistema p\u00fablico.<br><br>Somos los mismos que hemos participado activamente en los seguimientos telef\u00f3nicos y en las visitas a domicilio.<\/p>\n\n\n\n<p>Estamos muy agradecidos por cada una de las sinceras manifestaciones de afecto por parte de los pacientes y sus familiares as\u00ed como por el reconocimiento por parte de las autoridades municipales por lo trabajado durante la pandemia.<br><br>Nuestra profesi\u00f3n -como muchas otras- fue puesta a prueba en este duro momento: inmersos en un sistema de salud endeble y deteriorado hemos puesto lo mejor en cuerpo y mente para ayudar a nuestros pacientes y vecinos.<\/p>\n\n\n\n<p>Hoy sentimos la necesitad de aclarar algunos puntos que han sido instaurados en el \u00faltimo tiempo como ejes de discusi\u00f3n en la salud local.<br><br>La Asociaci\u00f3n Circulo Medico de San Pedro representa un conjunto de intereses en com\u00fan de la comunidad m\u00e9dica local, todos plasmados en su acta fundacional, sin tener injerencia alguna en las instituciones medicas privadas ni p\u00fablicas.<br><br>El C\u00edrculo M\u00e9dico no se encuentra en conflicto con ninguno de los actores de la salud sampedrina. Muy por el contrario, siempre hemos estado dispuestos al di\u00e1logo (de hecho lo hemos generado) y al consenso a\u00fan ante las campa\u00f1as de menosprecio por parte de un min\u00fasculo sector que nos trato de corporaci\u00f3n mafiosa.<br><br>Algunos de estos conceptos\u00a0 lamentablemente han sido puestos en duda p\u00fablicamente por alg\u00fan colega que a\u00fan pertenece a esta Asociaci\u00f3n y que incluso ha sido en su momento participe activo en la misma como vicepresidente y secretario.<\/p>\n\n\n\n<p>Esta Asociaci\u00f3n guiada democr\u00e1ticamente por sus asociados que delega las acciones en su Comisi\u00f3n Directiva, seguir\u00e1 bregando por un honorario digno, por la ayuda solidaria a sus colegas jubilados, as\u00ed como retomaremos -ni bien la situaci\u00f3n epidemiol\u00f3gica lo permita-\u00a0 con las campa\u00f1as de prevenci\u00f3n de la salud (cursos de RCP, hipertensi\u00f3n arterial, charlas escolares de Enfermedades de Transmisi\u00f3n Sexual y anticoncepci\u00f3n en las escuelas),\u00a0 con la colaboraci\u00f3n con LALCEC, trabajando en conjunto con el sistema educativo,\u00a0 campa\u00f1as de vacunaci\u00f3n, salud oftalmol\u00f3gica, prevenci\u00f3n del c\u00e1ncer habitual, campa\u00f1as de diabetes y por todo lo que signifique el bien com\u00fan de nuestra comunidad. Seguiremos adelante con la misma convicci\u00f3n que nuestros asociados nos transmiten.<\/p>\n\n\n\n<p><strong>Por todo lo anteriormente dicho vale el t\u00edtulo de la nota.<\/strong><\/p>\n","protected":false},"excerpt":{"rendered":"<p>El Circulo M\u00e9dico de San Pedro, es una instituci\u00f3n civil con 62 a\u00f1os de trayectoria en la sociedad sampedrina. Es una entidad que agrupa, nuclea y representa al 85% de los m\u00e9dicos que desarrollan su actividad profesional en nuestra ciudad y que libremente eligen ser parte de la misma. Pero no es solo una instituci\u00f3n; [&hellip;]<\/p>\n","protected":false},"author":4,"featured_media":81513,"comment_status":"closed","ping_status":"closed","sticky":false,"template":"","format":"standard","meta":{"om_disable_all_campaigns":false,"_jetpack_memberships_contains_paid_content":false,"footnotes":""},"categories":[50,101,2],"tags":[],"class_list":["post-97798","post","type-post","status-publish","format-standard","has-post-thumbnail","hentry","category-destacadas","category-interes-general-locales","category-locales"],"aioseo_notices":[],"gutentor_comment":0,"jetpack_featured_media_url":"https:\/\/eldiariodesanpedro.com.ar\/sitio\/wp-content\/uploads\/2020\/09\/circulo_medico.jpg","jetpack_shortlink":"https:\/\/wp.me\/p6RhLt-pro","jetpack_sharing_enabled":true,"_links":{"self":[{"href":"https:\/\/eldiariodesanpedro.com.ar\/sitio\/wp-json\/wp\/v2\/posts\/97798","targetHints":{"allow":["GET"]}}],"collection":[{"href":"https:\/\/eldiariodesanpedro.com.ar\/sitio\/wp-json\/wp\/v2\/posts"}],"about":[{"href":"https:\/\/eldiariodesanpedro.com.ar\/sitio\/wp-json\/wp\/v2\/types\/post"}],"author":[{"embeddable":true,"href":"https:\/\/eldiariodesanpedro.com.ar\/sitio\/wp-json\/wp\/v2\/users\/4"}],"replies":[{"embeddable":true,"href":"https:\/\/eldiariodesanpedro.com.ar\/sitio\/wp-json\/wp\/v2\/comments?post=97798"}],"version-history":[{"count":1,"href":"https:\/\/eldiariodesanpedro.com.ar\/sitio\/wp-json\/wp\/v2\/posts\/97798\/revisions"}],"predecessor-version":[{"id":97799,"href":"https:\/\/eldiariodesanpedro.com.ar\/sitio\/wp-json\/wp\/v2\/posts\/97798\/revisions\/97799"}],"wp:featuredmedia":[{"embeddable":true,"href":"https:\/\/eldiariodesanpedro.com.ar\/sitio\/wp-json\/wp\/v2\/media\/81513"}],"wp:attachment":[{"href":"https:\/\/eldiariodesanpedro.com.ar\/sitio\/wp-json\/wp\/v2\/media?parent=97798"}],"wp:term":[{"taxonomy":"category","embeddable":true,"href":"https:\/\/eldiariodesanpedro.com.ar\/sitio\/wp-json\/wp\/v2\/categories?post=97798"},{"taxonomy":"post_tag","embeddable":true,"href":"https:\/\/eldiariodesanpedro.com.ar\/sitio\/wp-json\/wp\/v2\/tags?post=97798"}],"curies":[{"name":"wp","href":"https:\/\/api.w.org\/{rel}","templated":true}]}}