{"id":97795,"date":"2021-08-23T11:28:32","date_gmt":"2021-08-23T14:28:32","guid":{"rendered":"https:\/\/eldiariodesanpedro.com.ar\/sitio\/?p=97795"},"modified":"2021-08-23T11:28:37","modified_gmt":"2021-08-23T14:28:37","slug":"la-actual-pareja-de-chalaco-albacete-se-trenzo-a-golpes-en-la-guardia-del-hospital-con-la-hija-de-la-victima","status":"publish","type":"post","link":"https:\/\/eldiariodesanpedro.com.ar\/sitio\/la-actual-pareja-de-chalaco-albacete-se-trenzo-a-golpes-en-la-guardia-del-hospital-con-la-hija-de-la-victima\/","title":{"rendered":"La actual pareja de Chalaco Albacete se trenzo a golpes en la guardia del hospital con la hija de la victima"},"content":{"rendered":"<!-- VideographyWP Plugin Message: Automatic video embedding prevented by plugin options. -->\n\n<p>En la jornada de ayer ocurri\u00f3 un hecho derivado del intento de femicidio de una mujer de 35 a\u00f1os de edad donde se detuvo a un hombre reconocido como Juan Carlos \u00abChalaco\u00bb Albacete, de 42 a\u00f1os, al momento de su detenci\u00f3n por parte de la polic\u00eda y al traslado en primer lugar a la guardia del nosocomio local donde su actual pareja provoca una gresca.<\/p>\n\n\n\n<p>El hecho ocurri\u00f3 en la tarde de este domingo tras la detenci\u00f3n del individuo que atac\u00f3 a la ex pareja en las primeras horas del d\u00eda, cuando fue trasladado al hospital local se hace presente su actual pareja una mujer de 36 a\u00f1os de edad, quien comenz\u00f3 a provocar disturbios y adem\u00e1s atacando a golpes a una joven de 18 a\u00f1os quien resulta ser la hija de la mujer que se encuentra en grave estado luchando por su vida.\u00a0<\/p>\n\n\n\n<p>La mujer violenta fue reducida por los efectivos policiales que se encuentran apostados en el lugar.<\/p>\n","protected":false},"excerpt":{"rendered":"<p>En la jornada de ayer ocurri\u00f3 un hecho derivado del intento de femicidio de una mujer de 35 a\u00f1os de edad donde se detuvo a un hombre reconocido como Juan Carlos \u00abChalaco\u00bb Albacete, de 42 a\u00f1os, al momento de su detenci\u00f3n por parte de la polic\u00eda y al traslado en primer lugar a la guardia [&hellip;]<\/p>\n","protected":false},"author":4,"featured_media":97796,"comment_status":"closed","ping_status":"closed","sticky":false,"template":"","format":"standard","meta":{"om_disable_all_campaigns":false,"_jetpack_memberships_contains_paid_content":false,"footnotes":""},"categories":[50,2,103],"tags":[],"class_list":["post-97795","post","type-post","status-publish","format-standard","has-post-thumbnail","hentry","category-destacadas","category-locales","category-policiales-locales"],"aioseo_notices":[],"gutentor_comment":0,"jetpack_featured_media_url":"https:\/\/eldiariodesanpedro.com.ar\/sitio\/wp-content\/uploads\/2021\/08\/medida-8.jpg","jetpack_shortlink":"https:\/\/wp.me\/p6RhLt-prl","jetpack_sharing_enabled":true,"_links":{"self":[{"href":"https:\/\/eldiariodesanpedro.com.ar\/sitio\/wp-json\/wp\/v2\/posts\/97795","targetHints":{"allow":["GET"]}}],"collection":[{"href":"https:\/\/eldiariodesanpedro.com.ar\/sitio\/wp-json\/wp\/v2\/posts"}],"about":[{"href":"https:\/\/eldiariodesanpedro.com.ar\/sitio\/wp-json\/wp\/v2\/types\/post"}],"author":[{"embeddable":true,"href":"https:\/\/eldiariodesanpedro.com.ar\/sitio\/wp-json\/wp\/v2\/users\/4"}],"replies":[{"embeddable":true,"href":"https:\/\/eldiariodesanpedro.com.ar\/sitio\/wp-json\/wp\/v2\/comments?post=97795"}],"version-history":[{"count":1,"href":"https:\/\/eldiariodesanpedro.com.ar\/sitio\/wp-json\/wp\/v2\/posts\/97795\/revisions"}],"predecessor-version":[{"id":97797,"href":"https:\/\/eldiariodesanpedro.com.ar\/sitio\/wp-json\/wp\/v2\/posts\/97795\/revisions\/97797"}],"wp:featuredmedia":[{"embeddable":true,"href":"https:\/\/eldiariodesanpedro.com.ar\/sitio\/wp-json\/wp\/v2\/media\/97796"}],"wp:attachment":[{"href":"https:\/\/eldiariodesanpedro.com.ar\/sitio\/wp-json\/wp\/v2\/media?parent=97795"}],"wp:term":[{"taxonomy":"category","embeddable":true,"href":"https:\/\/eldiariodesanpedro.com.ar\/sitio\/wp-json\/wp\/v2\/categories?post=97795"},{"taxonomy":"post_tag","embeddable":true,"href":"https:\/\/eldiariodesanpedro.com.ar\/sitio\/wp-json\/wp\/v2\/tags?post=97795"}],"curies":[{"name":"wp","href":"https:\/\/api.w.org\/{rel}","templated":true}]}}