{"id":97785,"date":"2021-08-23T10:28:02","date_gmt":"2021-08-23T13:28:02","guid":{"rendered":"https:\/\/eldiariodesanpedro.com.ar\/sitio\/?p=97785"},"modified":"2021-08-23T10:28:05","modified_gmt":"2021-08-23T13:28:05","slug":"un-delincuente-aprehendido-tras-robar-un-telefono-agrediendo-a-su-propietaria","status":"publish","type":"post","link":"https:\/\/eldiariodesanpedro.com.ar\/sitio\/un-delincuente-aprehendido-tras-robar-un-telefono-agrediendo-a-su-propietaria\/","title":{"rendered":"Un delincuente aprehendido tras robar un tel\u00e9fono agrediendo a su propietaria"},"content":{"rendered":"<!-- VideographyWP Plugin Message: Automatic video embedding prevented by plugin options. -->\n\n<p>El d\u00eda s\u00e1bado promediando las 19 hs, el personal policial en calle Lavalle al 400 aprehendi\u00f3 en fuga a delincuente de 28 a\u00f1os de edad.&nbsp;<\/p>\n\n\n\n<p>Fugaba tras sustraer el tel\u00e9fono celular a una mujer de 39 a\u00f1os en calle Ituzaing\u00f3 1400 que fue agredida con un golpe en la cabeza, que le produjo lesiones leves.&nbsp;<\/p>\n\n\n\n<p>El caco se movilizaba en bicicleta que dej\u00f3 abandonada en el lugar del hecho, y fug\u00f3 corriendo.&nbsp;<\/p>\n\n\n\n<p>Al momento de la aprehensi\u00f3n al delincuente se le secuestr\u00f3 en su poder un arma blanca tipo cuchillo.&nbsp;<\/p>\n\n\n\n<p>Permanece detenido a disposici\u00f3n de la justicia local imputado del delito de robo agravado.<\/p>\n\n\n\n<figure class=\"wp-block-image size-large\"><img decoding=\"async\" width=\"1024\" height=\"723\" data-attachment-id=\"97787\" data-permalink=\"https:\/\/eldiariodesanpedro.com.ar\/sitio\/un-delincuente-aprehendido-tras-robar-un-telefono-agrediendo-a-su-propietaria\/whatsapp-image-2021-08-23-at-09-59-05-1\/\" data-orig-file=\"https:\/\/eldiariodesanpedro.com.ar\/sitio\/wp-content\/uploads\/2021\/08\/WhatsApp-Image-2021-08-23-at-09.59.05-1.jpeg\" data-orig-size=\"1280,904\" data-comments-opened=\"0\" data-image-meta=\"{&quot;aperture&quot;:&quot;0&quot;,&quot;credit&quot;:&quot;&quot;,&quot;camera&quot;:&quot;&quot;,&quot;caption&quot;:&quot;&quot;,&quot;created_timestamp&quot;:&quot;0&quot;,&quot;copyright&quot;:&quot;&quot;,&quot;focal_length&quot;:&quot;0&quot;,&quot;iso&quot;:&quot;0&quot;,&quot;shutter_speed&quot;:&quot;0&quot;,&quot;title&quot;:&quot;&quot;,&quot;orientation&quot;:&quot;0&quot;}\" data-image-title=\"WhatsApp Image 2021-08-23 at 09.59.05 (1)\" data-image-description=\"\" data-image-caption=\"\" data-large-file=\"https:\/\/eldiariodesanpedro.com.ar\/sitio\/wp-content\/uploads\/2021\/08\/WhatsApp-Image-2021-08-23-at-09.59.05-1-1024x723.jpeg\" data-src=\"https:\/\/eldiariodesanpedro.com.ar\/sitio\/wp-content\/uploads\/2021\/08\/WhatsApp-Image-2021-08-23-at-09.59.05-1-1024x723.jpeg\" alt=\"\" class=\"wp-image-97787 lazyload\" data-srcset=\"https:\/\/eldiariodesanpedro.com.ar\/sitio\/wp-content\/uploads\/2021\/08\/WhatsApp-Image-2021-08-23-at-09.59.05-1-1024x723.jpeg 1024w, https:\/\/eldiariodesanpedro.com.ar\/sitio\/wp-content\/uploads\/2021\/08\/WhatsApp-Image-2021-08-23-at-09.59.05-1-300x212.jpeg 300w, https:\/\/eldiariodesanpedro.com.ar\/sitio\/wp-content\/uploads\/2021\/08\/WhatsApp-Image-2021-08-23-at-09.59.05-1-768x542.jpeg 768w, https:\/\/eldiariodesanpedro.com.ar\/sitio\/wp-content\/uploads\/2021\/08\/WhatsApp-Image-2021-08-23-at-09.59.05-1.jpeg 1280w\" data-sizes=\"(max-width: 1024px) 100vw, 1024px\" src=\"data:image\/svg+xml;base64,PHN2ZyB3aWR0aD0iMSIgaGVpZ2h0PSIxIiB4bWxucz0iaHR0cDovL3d3dy53My5vcmcvMjAwMC9zdmciPjwvc3ZnPg==\" style=\"--smush-placeholder-width: 1024px; --smush-placeholder-aspect-ratio: 1024\/723;\" \/><\/figure>\n\n\n\n<figure class=\"wp-block-image size-large\"><img decoding=\"async\" width=\"576\" height=\"1024\" data-attachment-id=\"97788\" data-permalink=\"https:\/\/eldiariodesanpedro.com.ar\/sitio\/un-delincuente-aprehendido-tras-robar-un-telefono-agrediendo-a-su-propietaria\/whatsapp-image-2021-08-23-at-09-59-05-2\/\" data-orig-file=\"https:\/\/eldiariodesanpedro.com.ar\/sitio\/wp-content\/uploads\/2021\/08\/WhatsApp-Image-2021-08-23-at-09.59.05-2.jpeg\" data-orig-size=\"720,1280\" data-comments-opened=\"0\" data-image-meta=\"{&quot;aperture&quot;:&quot;0&quot;,&quot;credit&quot;:&quot;&quot;,&quot;camera&quot;:&quot;&quot;,&quot;caption&quot;:&quot;&quot;,&quot;created_timestamp&quot;:&quot;0&quot;,&quot;copyright&quot;:&quot;&quot;,&quot;focal_length&quot;:&quot;0&quot;,&quot;iso&quot;:&quot;0&quot;,&quot;shutter_speed&quot;:&quot;0&quot;,&quot;title&quot;:&quot;&quot;,&quot;orientation&quot;:&quot;0&quot;}\" data-image-title=\"WhatsApp-Image-2021-08-23-at-09.59.05-2\" data-image-description=\"\" data-image-caption=\"\" data-large-file=\"https:\/\/eldiariodesanpedro.com.ar\/sitio\/wp-content\/uploads\/2021\/08\/WhatsApp-Image-2021-08-23-at-09.59.05-2-576x1024.jpeg\" data-src=\"https:\/\/eldiariodesanpedro.com.ar\/sitio\/wp-content\/uploads\/2021\/08\/WhatsApp-Image-2021-08-23-at-09.59.05-2-576x1024.jpeg\" alt=\"\" class=\"wp-image-97788 lazyload\" data-srcset=\"https:\/\/eldiariodesanpedro.com.ar\/sitio\/wp-content\/uploads\/2021\/08\/WhatsApp-Image-2021-08-23-at-09.59.05-2-576x1024.jpeg 576w, https:\/\/eldiariodesanpedro.com.ar\/sitio\/wp-content\/uploads\/2021\/08\/WhatsApp-Image-2021-08-23-at-09.59.05-2-169x300.jpeg 169w, https:\/\/eldiariodesanpedro.com.ar\/sitio\/wp-content\/uploads\/2021\/08\/WhatsApp-Image-2021-08-23-at-09.59.05-2.jpeg 720w\" data-sizes=\"(max-width: 576px) 100vw, 576px\" src=\"data:image\/svg+xml;base64,PHN2ZyB3aWR0aD0iMSIgaGVpZ2h0PSIxIiB4bWxucz0iaHR0cDovL3d3dy53My5vcmcvMjAwMC9zdmciPjwvc3ZnPg==\" style=\"--smush-placeholder-width: 576px; --smush-placeholder-aspect-ratio: 576\/1024;\" \/><\/figure>\n","protected":false},"excerpt":{"rendered":"<p>El d\u00eda s\u00e1bado promediando las 19 hs, el personal policial en calle Lavalle al 400 aprehendi\u00f3 en fuga a delincuente de 28 a\u00f1os de edad.&nbsp; Fugaba tras sustraer el tel\u00e9fono celular a una mujer de 39 a\u00f1os en calle Ituzaing\u00f3 1400 que fue agredida con un golpe en la cabeza, que le produjo lesiones leves.&nbsp; [&hellip;]<\/p>\n","protected":false},"author":4,"featured_media":97786,"comment_status":"closed","ping_status":"closed","sticky":false,"template":"","format":"standard","meta":{"om_disable_all_campaigns":false,"_jetpack_memberships_contains_paid_content":false,"footnotes":""},"categories":[2,103],"tags":[],"class_list":["post-97785","post","type-post","status-publish","format-standard","has-post-thumbnail","hentry","category-locales","category-policiales-locales"],"aioseo_notices":[],"gutentor_comment":0,"jetpack_featured_media_url":"https:\/\/eldiariodesanpedro.com.ar\/sitio\/wp-content\/uploads\/2021\/08\/WhatsApp-Image-2021-08-23-at-09.59.05.jpeg","jetpack_shortlink":"https:\/\/wp.me\/p6RhLt-prb","jetpack_sharing_enabled":true,"_links":{"self":[{"href":"https:\/\/eldiariodesanpedro.com.ar\/sitio\/wp-json\/wp\/v2\/posts\/97785","targetHints":{"allow":["GET"]}}],"collection":[{"href":"https:\/\/eldiariodesanpedro.com.ar\/sitio\/wp-json\/wp\/v2\/posts"}],"about":[{"href":"https:\/\/eldiariodesanpedro.com.ar\/sitio\/wp-json\/wp\/v2\/types\/post"}],"author":[{"embeddable":true,"href":"https:\/\/eldiariodesanpedro.com.ar\/sitio\/wp-json\/wp\/v2\/users\/4"}],"replies":[{"embeddable":true,"href":"https:\/\/eldiariodesanpedro.com.ar\/sitio\/wp-json\/wp\/v2\/comments?post=97785"}],"version-history":[{"count":1,"href":"https:\/\/eldiariodesanpedro.com.ar\/sitio\/wp-json\/wp\/v2\/posts\/97785\/revisions"}],"predecessor-version":[{"id":97789,"href":"https:\/\/eldiariodesanpedro.com.ar\/sitio\/wp-json\/wp\/v2\/posts\/97785\/revisions\/97789"}],"wp:featuredmedia":[{"embeddable":true,"href":"https:\/\/eldiariodesanpedro.com.ar\/sitio\/wp-json\/wp\/v2\/media\/97786"}],"wp:attachment":[{"href":"https:\/\/eldiariodesanpedro.com.ar\/sitio\/wp-json\/wp\/v2\/media?parent=97785"}],"wp:term":[{"taxonomy":"category","embeddable":true,"href":"https:\/\/eldiariodesanpedro.com.ar\/sitio\/wp-json\/wp\/v2\/categories?post=97785"},{"taxonomy":"post_tag","embeddable":true,"href":"https:\/\/eldiariodesanpedro.com.ar\/sitio\/wp-json\/wp\/v2\/tags?post=97785"}],"curies":[{"name":"wp","href":"https:\/\/api.w.org\/{rel}","templated":true}]}}