{"id":9777,"date":"2016-11-04T19:34:32","date_gmt":"2016-11-04T22:34:32","guid":{"rendered":"https:\/\/eldiariodesanpedro.com.ar\/sitio\/?p=9777"},"modified":"2016-11-04T19:34:32","modified_gmt":"2016-11-04T22:34:32","slug":"declaran-la-emergencia-agropecuaria-para-localidades-de-buenos-aires-cordoba-y-tucuman","status":"publish","type":"post","link":"https:\/\/eldiariodesanpedro.com.ar\/sitio\/declaran-la-emergencia-agropecuaria-para-localidades-de-buenos-aires-cordoba-y-tucuman\/","title":{"rendered":"Declaran la Emergencia Agropecuaria para localidades de Buenos Aires, C\u00f3rdoba y Tucum\u00e1n"},"content":{"rendered":"<p><!-- VideographyWP Plugin Message: Automatic video embedding prevented by plugin options. --><br \/>\nEl Ministerio de Agroindustria de la Naci\u00f3n declar\u00f3 el estado de emergencia y\/o desastre agropecuario para las localidades o departamentos de las provincias de Buenos Aires, Tucum\u00e1n y C\u00f3rdoba afectadas por las recientes lluvias extraordinarias, desbordes e inundaciones y heladas.<\/p>\n<p>Las medidas fueron impulsadas por la Comisi\u00f3n Nacional de Emergencias y Desastres Agropecuarios conforme a la aplicaci\u00f3n de la Ley 26.509.<\/p>\n<p>En el caso de Buenos Aires, la medida est\u00e1 comprendida por la Resoluci\u00f3n 355 E\/2016 y alcanza desde el 1 de enero al 31 de octubre de 2016 al sector de islas de los partidos de San Fernando y Campana, y las circunscripciones e islas de los partidos de San Pedro y Z\u00e1rate. Asimismo, se extiende la declaratoria desde el 1 de marzo al 31 de agosto de este a\u00f1o para las zonas comprometidas con excesos h\u00eddricos de los municipios de Rivadavia, Adolfo Alsina y Pu\u00e1n.<\/p>\n","protected":false},"excerpt":{"rendered":"<p>El Ministerio de Agroindustria de la Naci\u00f3n declar\u00f3 el estado de emergencia y\/o desastre agropecuario para las localidades o departamentos de las provincias de Buenos Aires, Tucum\u00e1n y C\u00f3rdoba afectadas por las recientes lluvias extraordinarias, desbordes e inundaciones y heladas. Las medidas fueron impulsadas por la Comisi\u00f3n Nacional de Emergencias y Desastres Agropecuarios conforme a [&hellip;]<\/p>\n","protected":false},"author":4,"featured_media":9778,"comment_status":"open","ping_status":"closed","sticky":false,"template":"","format":"standard","meta":{"om_disable_all_campaigns":false,"_jetpack_memberships_contains_paid_content":false,"footnotes":""},"categories":[101,2],"tags":[],"class_list":["post-9777","post","type-post","status-publish","format-standard","has-post-thumbnail","hentry","category-interes-general-locales","category-locales"],"aioseo_notices":[],"gutentor_comment":0,"jetpack_featured_media_url":"https:\/\/eldiariodesanpedro.com.ar\/sitio\/wp-content\/uploads\/2016\/11\/Emergencia-Agropecuaria-para-Buenos-Aires-C\u00f3rdoba-y-Tucum\u00e1n.jpg","jetpack_shortlink":"https:\/\/wp.me\/p6RhLt-2xH","jetpack_sharing_enabled":true,"_links":{"self":[{"href":"https:\/\/eldiariodesanpedro.com.ar\/sitio\/wp-json\/wp\/v2\/posts\/9777","targetHints":{"allow":["GET"]}}],"collection":[{"href":"https:\/\/eldiariodesanpedro.com.ar\/sitio\/wp-json\/wp\/v2\/posts"}],"about":[{"href":"https:\/\/eldiariodesanpedro.com.ar\/sitio\/wp-json\/wp\/v2\/types\/post"}],"author":[{"embeddable":true,"href":"https:\/\/eldiariodesanpedro.com.ar\/sitio\/wp-json\/wp\/v2\/users\/4"}],"replies":[{"embeddable":true,"href":"https:\/\/eldiariodesanpedro.com.ar\/sitio\/wp-json\/wp\/v2\/comments?post=9777"}],"version-history":[{"count":1,"href":"https:\/\/eldiariodesanpedro.com.ar\/sitio\/wp-json\/wp\/v2\/posts\/9777\/revisions"}],"predecessor-version":[{"id":9779,"href":"https:\/\/eldiariodesanpedro.com.ar\/sitio\/wp-json\/wp\/v2\/posts\/9777\/revisions\/9779"}],"wp:featuredmedia":[{"embeddable":true,"href":"https:\/\/eldiariodesanpedro.com.ar\/sitio\/wp-json\/wp\/v2\/media\/9778"}],"wp:attachment":[{"href":"https:\/\/eldiariodesanpedro.com.ar\/sitio\/wp-json\/wp\/v2\/media?parent=9777"}],"wp:term":[{"taxonomy":"category","embeddable":true,"href":"https:\/\/eldiariodesanpedro.com.ar\/sitio\/wp-json\/wp\/v2\/categories?post=9777"},{"taxonomy":"post_tag","embeddable":true,"href":"https:\/\/eldiariodesanpedro.com.ar\/sitio\/wp-json\/wp\/v2\/tags?post=9777"}],"curies":[{"name":"wp","href":"https:\/\/api.w.org\/{rel}","templated":true}]}}