{"id":97762,"date":"2021-08-22T17:10:46","date_gmt":"2021-08-22T20:10:46","guid":{"rendered":"https:\/\/eldiariodesanpedro.com.ar\/sitio\/?p=97762"},"modified":"2021-08-22T17:10:51","modified_gmt":"2021-08-22T20:10:51","slug":"empalme-de-red-de-agua-para-aumentar-la-presion-en-la-red-del-barrio-villa-lolita","status":"publish","type":"post","link":"https:\/\/eldiariodesanpedro.com.ar\/sitio\/empalme-de-red-de-agua-para-aumentar-la-presion-en-la-red-del-barrio-villa-lolita\/","title":{"rendered":"Empalme de red de agua para aumentar la presi\u00f3n en la red del barrio Villa Lolita"},"content":{"rendered":"<!-- VideographyWP Plugin Message: Automatic video embedding prevented by plugin options. -->\n\n<p>La Secretar\u00eda de Servicios P\u00fablicos realiz\u00f3 un empalme en la red de agua en la intersecci\u00f3n de las calles Honorio Pueyrred\u00f3n y Noceda.<\/p>\n\n\n\n<p>Se trata de una ampliaci\u00f3n de las zonas beneficiadas por las perforaciones realizadas y las bombas instaladas recientemente por el \u00e1rea que encabeza Ariel \u00c1lvarez, continuando con el plan impulsado desde el gobierno municipal del Intendente Cecilio Salazar para mejorar las condiciones de todos los barrios de San Pedro, que en esta ocasi\u00f3n mejorar\u00e1 considerablemente la presi\u00f3n de agua en la zona del barrio Villa Lolita, aumentando de 400 gramos a 1.5 kilos aproximadamente en la cuadr\u00edcula de las calles Eduardo Depietri, Libertad, 3 de febrero y Luis Sandrini.<\/p>\n\n\n\n<figure class=\"wp-block-image size-large\"><img decoding=\"async\" width=\"940\" height=\"788\" data-attachment-id=\"97764\" data-permalink=\"https:\/\/eldiariodesanpedro.com.ar\/sitio\/empalme-de-red-de-agua-para-aumentar-la-presion-en-la-red-del-barrio-villa-lolita\/whatsapp-image-2021-08-22-at-15-52-31\/\" data-orig-file=\"https:\/\/eldiariodesanpedro.com.ar\/sitio\/wp-content\/uploads\/2021\/08\/WhatsApp-Image-2021-08-22-at-15.52.31.jpeg\" data-orig-size=\"940,788\" data-comments-opened=\"0\" data-image-meta=\"{&quot;aperture&quot;:&quot;0&quot;,&quot;credit&quot;:&quot;&quot;,&quot;camera&quot;:&quot;&quot;,&quot;caption&quot;:&quot;&quot;,&quot;created_timestamp&quot;:&quot;0&quot;,&quot;copyright&quot;:&quot;&quot;,&quot;focal_length&quot;:&quot;0&quot;,&quot;iso&quot;:&quot;0&quot;,&quot;shutter_speed&quot;:&quot;0&quot;,&quot;title&quot;:&quot;&quot;,&quot;orientation&quot;:&quot;0&quot;}\" data-image-title=\"WhatsApp-Image-2021-08-22-at-15.52.31\" data-image-description=\"\" data-image-caption=\"\" data-large-file=\"https:\/\/eldiariodesanpedro.com.ar\/sitio\/wp-content\/uploads\/2021\/08\/WhatsApp-Image-2021-08-22-at-15.52.31.jpeg\" data-src=\"https:\/\/eldiariodesanpedro.com.ar\/sitio\/wp-content\/uploads\/2021\/08\/WhatsApp-Image-2021-08-22-at-15.52.31.jpeg\" alt=\"\" class=\"wp-image-97764 lazyload\" data-srcset=\"https:\/\/eldiariodesanpedro.com.ar\/sitio\/wp-content\/uploads\/2021\/08\/WhatsApp-Image-2021-08-22-at-15.52.31.jpeg 940w, https:\/\/eldiariodesanpedro.com.ar\/sitio\/wp-content\/uploads\/2021\/08\/WhatsApp-Image-2021-08-22-at-15.52.31-300x251.jpeg 300w, https:\/\/eldiariodesanpedro.com.ar\/sitio\/wp-content\/uploads\/2021\/08\/WhatsApp-Image-2021-08-22-at-15.52.31-768x644.jpeg 768w\" data-sizes=\"(max-width: 940px) 100vw, 940px\" src=\"data:image\/svg+xml;base64,PHN2ZyB3aWR0aD0iMSIgaGVpZ2h0PSIxIiB4bWxucz0iaHR0cDovL3d3dy53My5vcmcvMjAwMC9zdmciPjwvc3ZnPg==\" style=\"--smush-placeholder-width: 940px; --smush-placeholder-aspect-ratio: 940\/788;\" \/><\/figure>\n","protected":false},"excerpt":{"rendered":"<p>La Secretar\u00eda de Servicios P\u00fablicos realiz\u00f3 un empalme en la red de agua en la intersecci\u00f3n de las calles Honorio Pueyrred\u00f3n y Noceda. Se trata de una ampliaci\u00f3n de las zonas beneficiadas por las perforaciones realizadas y las bombas instaladas recientemente por el \u00e1rea que encabeza Ariel \u00c1lvarez, continuando con el plan impulsado desde el [&hellip;]<\/p>\n","protected":false},"author":4,"featured_media":97763,"comment_status":"closed","ping_status":"closed","sticky":false,"template":"","format":"standard","meta":{"om_disable_all_campaigns":false,"_jetpack_memberships_contains_paid_content":false,"footnotes":""},"categories":[101,2],"tags":[],"class_list":["post-97762","post","type-post","status-publish","format-standard","has-post-thumbnail","hentry","category-interes-general-locales","category-locales"],"aioseo_notices":[],"gutentor_comment":0,"jetpack_featured_media_url":"https:\/\/eldiariodesanpedro.com.ar\/sitio\/wp-content\/uploads\/2021\/08\/medida-6.jpg","jetpack_shortlink":"https:\/\/wp.me\/p6RhLt-pqO","jetpack_sharing_enabled":true,"_links":{"self":[{"href":"https:\/\/eldiariodesanpedro.com.ar\/sitio\/wp-json\/wp\/v2\/posts\/97762","targetHints":{"allow":["GET"]}}],"collection":[{"href":"https:\/\/eldiariodesanpedro.com.ar\/sitio\/wp-json\/wp\/v2\/posts"}],"about":[{"href":"https:\/\/eldiariodesanpedro.com.ar\/sitio\/wp-json\/wp\/v2\/types\/post"}],"author":[{"embeddable":true,"href":"https:\/\/eldiariodesanpedro.com.ar\/sitio\/wp-json\/wp\/v2\/users\/4"}],"replies":[{"embeddable":true,"href":"https:\/\/eldiariodesanpedro.com.ar\/sitio\/wp-json\/wp\/v2\/comments?post=97762"}],"version-history":[{"count":1,"href":"https:\/\/eldiariodesanpedro.com.ar\/sitio\/wp-json\/wp\/v2\/posts\/97762\/revisions"}],"predecessor-version":[{"id":97765,"href":"https:\/\/eldiariodesanpedro.com.ar\/sitio\/wp-json\/wp\/v2\/posts\/97762\/revisions\/97765"}],"wp:featuredmedia":[{"embeddable":true,"href":"https:\/\/eldiariodesanpedro.com.ar\/sitio\/wp-json\/wp\/v2\/media\/97763"}],"wp:attachment":[{"href":"https:\/\/eldiariodesanpedro.com.ar\/sitio\/wp-json\/wp\/v2\/media?parent=97762"}],"wp:term":[{"taxonomy":"category","embeddable":true,"href":"https:\/\/eldiariodesanpedro.com.ar\/sitio\/wp-json\/wp\/v2\/categories?post=97762"},{"taxonomy":"post_tag","embeddable":true,"href":"https:\/\/eldiariodesanpedro.com.ar\/sitio\/wp-json\/wp\/v2\/tags?post=97762"}],"curies":[{"name":"wp","href":"https:\/\/api.w.org\/{rel}","templated":true}]}}