{"id":97755,"date":"2021-08-22T16:59:42","date_gmt":"2021-08-22T19:59:42","guid":{"rendered":"https:\/\/eldiariodesanpedro.com.ar\/sitio\/?p=97755"},"modified":"2021-08-22T16:59:46","modified_gmt":"2021-08-22T19:59:46","slug":"operativo-de-vacunacion-en-el-barrio-la-tosquera","status":"publish","type":"post","link":"https:\/\/eldiariodesanpedro.com.ar\/sitio\/operativo-de-vacunacion-en-el-barrio-la-tosquera\/","title":{"rendered":"Operativo de vacunaci\u00f3n en el barrio La Tosquera"},"content":{"rendered":"<!-- VideographyWP Plugin Message: Automatic video embedding prevented by plugin options. -->\n\n<p>Se realiz\u00f3 en la ma\u00f1ana de este s\u00e1bado el operativo de vacunaci\u00f3n en el barrio La Tosquera que llevaron a cabo los trabajadores y colaboradores del vacunatorio que coordina Camila Caballero.<\/p>\n\n\n\n<p>En esta ocasi\u00f3n fueron 187 los vecinos vacunados con primera dosis de la vacuna Sinopharm para mayores de 18 a\u00f1os a quienes se les brind\u00f3, desde el Centro de Salud, paracetamol y tratamientos para la alergia que podr\u00edan llegar a necesitar en caso de presentar s\u00edntomas adversos.<\/p>\n\n\n\n<p>Participaron del operativo el Secretario de Salud Doctor Creus, el Secretario de Seguridad Eduardo Roleri, la Jefa de Anses Tamara Vlaeminck, el coordinador de la polic\u00eda local Juan Carlos Ag\u00fcero y el doctor Pablo Pichioni adem\u00e1s de Candelaria Cuscuela, Jimena Mari\u00f1o, Cecilia Vazquez, Sof\u00eda Rotundo ya sea asesorando, informando y concientizando a los vecinos y vecinas del barrio.<\/p>\n\n\n\n<figure class=\"wp-block-image size-large\"><img decoding=\"async\" width=\"653\" height=\"510\" data-attachment-id=\"97759\" data-permalink=\"https:\/\/eldiariodesanpedro.com.ar\/sitio\/operativo-de-vacunacion-en-el-barrio-la-tosquera\/whatsapp-image-2021-08-21-at-17-34-21-1\/\" data-orig-file=\"https:\/\/eldiariodesanpedro.com.ar\/sitio\/wp-content\/uploads\/2021\/08\/WhatsApp-Image-2021-08-21-at-17.34.21-1.jpeg\" data-orig-size=\"653,510\" data-comments-opened=\"0\" data-image-meta=\"{&quot;aperture&quot;:&quot;0&quot;,&quot;credit&quot;:&quot;&quot;,&quot;camera&quot;:&quot;&quot;,&quot;caption&quot;:&quot;&quot;,&quot;created_timestamp&quot;:&quot;0&quot;,&quot;copyright&quot;:&quot;&quot;,&quot;focal_length&quot;:&quot;0&quot;,&quot;iso&quot;:&quot;0&quot;,&quot;shutter_speed&quot;:&quot;0&quot;,&quot;title&quot;:&quot;&quot;,&quot;orientation&quot;:&quot;0&quot;}\" data-image-title=\"WhatsApp Image 2021-08-21 at 17.34.21 (1)\" data-image-description=\"\" data-image-caption=\"\" data-large-file=\"https:\/\/eldiariodesanpedro.com.ar\/sitio\/wp-content\/uploads\/2021\/08\/WhatsApp-Image-2021-08-21-at-17.34.21-1.jpeg\" data-src=\"https:\/\/eldiariodesanpedro.com.ar\/sitio\/wp-content\/uploads\/2021\/08\/WhatsApp-Image-2021-08-21-at-17.34.21-1.jpeg\" alt=\"\" class=\"wp-image-97759 lazyload\" data-srcset=\"https:\/\/eldiariodesanpedro.com.ar\/sitio\/wp-content\/uploads\/2021\/08\/WhatsApp-Image-2021-08-21-at-17.34.21-1.jpeg 653w, https:\/\/eldiariodesanpedro.com.ar\/sitio\/wp-content\/uploads\/2021\/08\/WhatsApp-Image-2021-08-21-at-17.34.21-1-300x234.jpeg 300w\" data-sizes=\"(max-width: 653px) 100vw, 653px\" src=\"data:image\/svg+xml;base64,PHN2ZyB3aWR0aD0iMSIgaGVpZ2h0PSIxIiB4bWxucz0iaHR0cDovL3d3dy53My5vcmcvMjAwMC9zdmciPjwvc3ZnPg==\" style=\"--smush-placeholder-width: 653px; --smush-placeholder-aspect-ratio: 653\/510;\" \/><\/figure>\n\n\n\n<figure class=\"wp-block-image size-large\"><img decoding=\"async\" width=\"1024\" height=\"498\" data-attachment-id=\"97758\" data-permalink=\"https:\/\/eldiariodesanpedro.com.ar\/sitio\/operativo-de-vacunacion-en-el-barrio-la-tosquera\/whatsapp-image-2021-08-21-at-17-34-20\/\" data-orig-file=\"https:\/\/eldiariodesanpedro.com.ar\/sitio\/wp-content\/uploads\/2021\/08\/WhatsApp-Image-2021-08-21-at-17.34.20.jpeg\" data-orig-size=\"1080,525\" data-comments-opened=\"0\" data-image-meta=\"{&quot;aperture&quot;:&quot;0&quot;,&quot;credit&quot;:&quot;&quot;,&quot;camera&quot;:&quot;&quot;,&quot;caption&quot;:&quot;&quot;,&quot;created_timestamp&quot;:&quot;0&quot;,&quot;copyright&quot;:&quot;&quot;,&quot;focal_length&quot;:&quot;0&quot;,&quot;iso&quot;:&quot;0&quot;,&quot;shutter_speed&quot;:&quot;0&quot;,&quot;title&quot;:&quot;&quot;,&quot;orientation&quot;:&quot;0&quot;}\" data-image-title=\"WhatsApp Image 2021-08-21 at 17.34.20\" data-image-description=\"\" data-image-caption=\"\" data-large-file=\"https:\/\/eldiariodesanpedro.com.ar\/sitio\/wp-content\/uploads\/2021\/08\/WhatsApp-Image-2021-08-21-at-17.34.20-1024x498.jpeg\" data-src=\"https:\/\/eldiariodesanpedro.com.ar\/sitio\/wp-content\/uploads\/2021\/08\/WhatsApp-Image-2021-08-21-at-17.34.20-1024x498.jpeg\" alt=\"\" class=\"wp-image-97758 lazyload\" data-srcset=\"https:\/\/eldiariodesanpedro.com.ar\/sitio\/wp-content\/uploads\/2021\/08\/WhatsApp-Image-2021-08-21-at-17.34.20-1024x498.jpeg 1024w, https:\/\/eldiariodesanpedro.com.ar\/sitio\/wp-content\/uploads\/2021\/08\/WhatsApp-Image-2021-08-21-at-17.34.20-300x146.jpeg 300w, https:\/\/eldiariodesanpedro.com.ar\/sitio\/wp-content\/uploads\/2021\/08\/WhatsApp-Image-2021-08-21-at-17.34.20-768x373.jpeg 768w, https:\/\/eldiariodesanpedro.com.ar\/sitio\/wp-content\/uploads\/2021\/08\/WhatsApp-Image-2021-08-21-at-17.34.20.jpeg 1080w\" data-sizes=\"(max-width: 1024px) 100vw, 1024px\" src=\"data:image\/svg+xml;base64,PHN2ZyB3aWR0aD0iMSIgaGVpZ2h0PSIxIiB4bWxucz0iaHR0cDovL3d3dy53My5vcmcvMjAwMC9zdmciPjwvc3ZnPg==\" style=\"--smush-placeholder-width: 1024px; --smush-placeholder-aspect-ratio: 1024\/498;\" \/><\/figure>\n\n\n\n<figure class=\"wp-block-image size-large\"><img decoding=\"async\" width=\"1024\" height=\"498\" data-attachment-id=\"97757\" data-permalink=\"https:\/\/eldiariodesanpedro.com.ar\/sitio\/operativo-de-vacunacion-en-el-barrio-la-tosquera\/whatsapp-image-2021-08-21-at-17-34-19\/\" data-orig-file=\"https:\/\/eldiariodesanpedro.com.ar\/sitio\/wp-content\/uploads\/2021\/08\/WhatsApp-Image-2021-08-21-at-17.34.19.jpeg\" data-orig-size=\"1080,525\" data-comments-opened=\"0\" data-image-meta=\"{&quot;aperture&quot;:&quot;0&quot;,&quot;credit&quot;:&quot;&quot;,&quot;camera&quot;:&quot;&quot;,&quot;caption&quot;:&quot;&quot;,&quot;created_timestamp&quot;:&quot;0&quot;,&quot;copyright&quot;:&quot;&quot;,&quot;focal_length&quot;:&quot;0&quot;,&quot;iso&quot;:&quot;0&quot;,&quot;shutter_speed&quot;:&quot;0&quot;,&quot;title&quot;:&quot;&quot;,&quot;orientation&quot;:&quot;0&quot;}\" data-image-title=\"WhatsApp Image 2021-08-21 at 17.34.19\" data-image-description=\"\" data-image-caption=\"\" data-large-file=\"https:\/\/eldiariodesanpedro.com.ar\/sitio\/wp-content\/uploads\/2021\/08\/WhatsApp-Image-2021-08-21-at-17.34.19-1024x498.jpeg\" data-src=\"https:\/\/eldiariodesanpedro.com.ar\/sitio\/wp-content\/uploads\/2021\/08\/WhatsApp-Image-2021-08-21-at-17.34.19-1024x498.jpeg\" alt=\"\" class=\"wp-image-97757 lazyload\" data-srcset=\"https:\/\/eldiariodesanpedro.com.ar\/sitio\/wp-content\/uploads\/2021\/08\/WhatsApp-Image-2021-08-21-at-17.34.19-1024x498.jpeg 1024w, https:\/\/eldiariodesanpedro.com.ar\/sitio\/wp-content\/uploads\/2021\/08\/WhatsApp-Image-2021-08-21-at-17.34.19-300x146.jpeg 300w, https:\/\/eldiariodesanpedro.com.ar\/sitio\/wp-content\/uploads\/2021\/08\/WhatsApp-Image-2021-08-21-at-17.34.19-768x373.jpeg 768w, https:\/\/eldiariodesanpedro.com.ar\/sitio\/wp-content\/uploads\/2021\/08\/WhatsApp-Image-2021-08-21-at-17.34.19.jpeg 1080w\" data-sizes=\"(max-width: 1024px) 100vw, 1024px\" src=\"data:image\/svg+xml;base64,PHN2ZyB3aWR0aD0iMSIgaGVpZ2h0PSIxIiB4bWxucz0iaHR0cDovL3d3dy53My5vcmcvMjAwMC9zdmciPjwvc3ZnPg==\" style=\"--smush-placeholder-width: 1024px; --smush-placeholder-aspect-ratio: 1024\/498;\" \/><\/figure>\n\n\n\n<figure class=\"wp-block-image size-large\"><img decoding=\"async\" width=\"1024\" height=\"576\" data-attachment-id=\"97756\" data-permalink=\"https:\/\/eldiariodesanpedro.com.ar\/sitio\/operativo-de-vacunacion-en-el-barrio-la-tosquera\/whatsapp-image-2021-08-21-at-17-34-17\/\" data-orig-file=\"https:\/\/eldiariodesanpedro.com.ar\/sitio\/wp-content\/uploads\/2021\/08\/WhatsApp-Image-2021-08-21-at-17.34.17.jpeg\" data-orig-size=\"1080,608\" data-comments-opened=\"0\" data-image-meta=\"{&quot;aperture&quot;:&quot;0&quot;,&quot;credit&quot;:&quot;&quot;,&quot;camera&quot;:&quot;&quot;,&quot;caption&quot;:&quot;&quot;,&quot;created_timestamp&quot;:&quot;0&quot;,&quot;copyright&quot;:&quot;&quot;,&quot;focal_length&quot;:&quot;0&quot;,&quot;iso&quot;:&quot;0&quot;,&quot;shutter_speed&quot;:&quot;0&quot;,&quot;title&quot;:&quot;&quot;,&quot;orientation&quot;:&quot;0&quot;}\" data-image-title=\"WhatsApp Image 2021-08-21 at 17.34.17\" data-image-description=\"\" data-image-caption=\"\" data-large-file=\"https:\/\/eldiariodesanpedro.com.ar\/sitio\/wp-content\/uploads\/2021\/08\/WhatsApp-Image-2021-08-21-at-17.34.17-1024x576.jpeg\" data-src=\"https:\/\/eldiariodesanpedro.com.ar\/sitio\/wp-content\/uploads\/2021\/08\/WhatsApp-Image-2021-08-21-at-17.34.17-1024x576.jpeg\" alt=\"\" class=\"wp-image-97756 lazyload\" data-srcset=\"https:\/\/eldiariodesanpedro.com.ar\/sitio\/wp-content\/uploads\/2021\/08\/WhatsApp-Image-2021-08-21-at-17.34.17-1024x576.jpeg 1024w, https:\/\/eldiariodesanpedro.com.ar\/sitio\/wp-content\/uploads\/2021\/08\/WhatsApp-Image-2021-08-21-at-17.34.17-300x169.jpeg 300w, https:\/\/eldiariodesanpedro.com.ar\/sitio\/wp-content\/uploads\/2021\/08\/WhatsApp-Image-2021-08-21-at-17.34.17-768x432.jpeg 768w, https:\/\/eldiariodesanpedro.com.ar\/sitio\/wp-content\/uploads\/2021\/08\/WhatsApp-Image-2021-08-21-at-17.34.17-800x450.jpeg 800w, https:\/\/eldiariodesanpedro.com.ar\/sitio\/wp-content\/uploads\/2021\/08\/WhatsApp-Image-2021-08-21-at-17.34.17.jpeg 1080w\" data-sizes=\"(max-width: 1024px) 100vw, 1024px\" src=\"data:image\/svg+xml;base64,PHN2ZyB3aWR0aD0iMSIgaGVpZ2h0PSIxIiB4bWxucz0iaHR0cDovL3d3dy53My5vcmcvMjAwMC9zdmciPjwvc3ZnPg==\" style=\"--smush-placeholder-width: 1024px; --smush-placeholder-aspect-ratio: 1024\/576;\" \/><\/figure>\n","protected":false},"excerpt":{"rendered":"<p>Se realiz\u00f3 en la ma\u00f1ana de este s\u00e1bado el operativo de vacunaci\u00f3n en el barrio La Tosquera que llevaron a cabo los trabajadores y colaboradores del vacunatorio que coordina Camila Caballero. En esta ocasi\u00f3n fueron 187 los vecinos vacunados con primera dosis de la vacuna Sinopharm para mayores de 18 a\u00f1os a quienes se les [&hellip;]<\/p>\n","protected":false},"author":4,"featured_media":97760,"comment_status":"closed","ping_status":"closed","sticky":false,"template":"","format":"standard","meta":{"om_disable_all_campaigns":false,"_jetpack_memberships_contains_paid_content":false,"footnotes":""},"categories":[50,101,2],"tags":[],"class_list":["post-97755","post","type-post","status-publish","format-standard","has-post-thumbnail","hentry","category-destacadas","category-interes-general-locales","category-locales"],"aioseo_notices":[],"gutentor_comment":0,"jetpack_featured_media_url":"https:\/\/eldiariodesanpedro.com.ar\/sitio\/wp-content\/uploads\/2021\/08\/WhatsApp-Image-2021-08-21-at-17.34.21.jpeg","jetpack_shortlink":"https:\/\/wp.me\/p6RhLt-pqH","jetpack_sharing_enabled":true,"_links":{"self":[{"href":"https:\/\/eldiariodesanpedro.com.ar\/sitio\/wp-json\/wp\/v2\/posts\/97755","targetHints":{"allow":["GET"]}}],"collection":[{"href":"https:\/\/eldiariodesanpedro.com.ar\/sitio\/wp-json\/wp\/v2\/posts"}],"about":[{"href":"https:\/\/eldiariodesanpedro.com.ar\/sitio\/wp-json\/wp\/v2\/types\/post"}],"author":[{"embeddable":true,"href":"https:\/\/eldiariodesanpedro.com.ar\/sitio\/wp-json\/wp\/v2\/users\/4"}],"replies":[{"embeddable":true,"href":"https:\/\/eldiariodesanpedro.com.ar\/sitio\/wp-json\/wp\/v2\/comments?post=97755"}],"version-history":[{"count":1,"href":"https:\/\/eldiariodesanpedro.com.ar\/sitio\/wp-json\/wp\/v2\/posts\/97755\/revisions"}],"predecessor-version":[{"id":97761,"href":"https:\/\/eldiariodesanpedro.com.ar\/sitio\/wp-json\/wp\/v2\/posts\/97755\/revisions\/97761"}],"wp:featuredmedia":[{"embeddable":true,"href":"https:\/\/eldiariodesanpedro.com.ar\/sitio\/wp-json\/wp\/v2\/media\/97760"}],"wp:attachment":[{"href":"https:\/\/eldiariodesanpedro.com.ar\/sitio\/wp-json\/wp\/v2\/media?parent=97755"}],"wp:term":[{"taxonomy":"category","embeddable":true,"href":"https:\/\/eldiariodesanpedro.com.ar\/sitio\/wp-json\/wp\/v2\/categories?post=97755"},{"taxonomy":"post_tag","embeddable":true,"href":"https:\/\/eldiariodesanpedro.com.ar\/sitio\/wp-json\/wp\/v2\/tags?post=97755"}],"curies":[{"name":"wp","href":"https:\/\/api.w.org\/{rel}","templated":true}]}}