{"id":97744,"date":"2021-08-21T21:22:50","date_gmt":"2021-08-22T00:22:50","guid":{"rendered":"https:\/\/eldiariodesanpedro.com.ar\/sitio\/?p=97744"},"modified":"2021-08-21T21:22:54","modified_gmt":"2021-08-22T00:22:54","slug":"representantes-de-la-municipalidad-se-reunieron-con-funcionarios-de-la-agencia-nacional-de-discapacidad","status":"publish","type":"post","link":"https:\/\/eldiariodesanpedro.com.ar\/sitio\/representantes-de-la-municipalidad-se-reunieron-con-funcionarios-de-la-agencia-nacional-de-discapacidad\/","title":{"rendered":"Representantes de la  Municipalidad se reunieron con funcionarios de la Agencia Nacional de Discapacidad"},"content":{"rendered":"<!-- VideographyWP Plugin Message: Automatic video embedding prevented by plugin options. -->\n\n<p>En la jornada del viernes representantes del municipio integrados por el Secretario de Seguridad Eduardo Roleri, el Secretario de Desarrollo Humano Walter S\u00e1nchez, el Jefe del \u00c1rea Discapacidad Juan Carlos Mari\u00f1o y el futbolista Silvio Velo, se trasladaron a la Agencia Nacional de Discapacidad (ANDIS) donde fueron recibidos por la Directora de Accesibilidades Ana Vallejos, el Asesor de Direcci\u00f3n Ejecutiva Mat\u00edas Fern\u00e1ndez y el Director de Participaci\u00f3n Ciudadana Juli\u00e1n Ben\u00edtez para tratar temas referidos a fomentar el desarrollo y la aplicaci\u00f3n de pol\u00edticas que consoliden derechos de las personas con discapacidad, potenciar la transformaci\u00f3n social y la inclusi\u00f3n.<\/p>\n\n\n\n<p>Entre los temas tratados se destacan la firma del Convenio entre ANDIS y el municipio para el programa de Banco Descentralizado de Ayudas t\u00e9cnicas que genera la existencia de productos de apoyo est\u00e1ndar para ser entregados en comodato a personas con Discapacidad. Adem\u00e1s, se desarroll\u00f3 la posibilidad de la adquisici\u00f3n de un veh\u00edculo para traslado de personas con Discapacidad a trav\u00e9s de la Ley de cheques, tambi\u00e9n se habl\u00f3 de llevar acabo capacitaciones para funcionarios y empleados municipales y desarrollar actividades para fomentar la participaci\u00f3n de las juventudes con discapacidad en proyectos deportivos y culturales.<\/p>\n","protected":false},"excerpt":{"rendered":"<p>En la jornada del viernes representantes del municipio integrados por el Secretario de Seguridad Eduardo Roleri, el Secretario de Desarrollo Humano Walter S\u00e1nchez, el Jefe del \u00c1rea Discapacidad Juan Carlos Mari\u00f1o y el futbolista Silvio Velo, se trasladaron a la Agencia Nacional de Discapacidad (ANDIS) donde fueron recibidos por la Directora de Accesibilidades Ana Vallejos, [&hellip;]<\/p>\n","protected":false},"author":4,"featured_media":97745,"comment_status":"closed","ping_status":"closed","sticky":false,"template":"","format":"standard","meta":{"om_disable_all_campaigns":false,"_jetpack_memberships_contains_paid_content":false,"footnotes":""},"categories":[101,2],"tags":[],"class_list":["post-97744","post","type-post","status-publish","format-standard","has-post-thumbnail","hentry","category-interes-general-locales","category-locales"],"aioseo_notices":[],"gutentor_comment":0,"jetpack_featured_media_url":"https:\/\/eldiariodesanpedro.com.ar\/sitio\/wp-content\/uploads\/2021\/08\/WhatsApp-Image-2021-08-21-at-13.39.55.jpeg","jetpack_shortlink":"https:\/\/wp.me\/p6RhLt-pqw","jetpack_sharing_enabled":true,"_links":{"self":[{"href":"https:\/\/eldiariodesanpedro.com.ar\/sitio\/wp-json\/wp\/v2\/posts\/97744","targetHints":{"allow":["GET"]}}],"collection":[{"href":"https:\/\/eldiariodesanpedro.com.ar\/sitio\/wp-json\/wp\/v2\/posts"}],"about":[{"href":"https:\/\/eldiariodesanpedro.com.ar\/sitio\/wp-json\/wp\/v2\/types\/post"}],"author":[{"embeddable":true,"href":"https:\/\/eldiariodesanpedro.com.ar\/sitio\/wp-json\/wp\/v2\/users\/4"}],"replies":[{"embeddable":true,"href":"https:\/\/eldiariodesanpedro.com.ar\/sitio\/wp-json\/wp\/v2\/comments?post=97744"}],"version-history":[{"count":1,"href":"https:\/\/eldiariodesanpedro.com.ar\/sitio\/wp-json\/wp\/v2\/posts\/97744\/revisions"}],"predecessor-version":[{"id":97746,"href":"https:\/\/eldiariodesanpedro.com.ar\/sitio\/wp-json\/wp\/v2\/posts\/97744\/revisions\/97746"}],"wp:featuredmedia":[{"embeddable":true,"href":"https:\/\/eldiariodesanpedro.com.ar\/sitio\/wp-json\/wp\/v2\/media\/97745"}],"wp:attachment":[{"href":"https:\/\/eldiariodesanpedro.com.ar\/sitio\/wp-json\/wp\/v2\/media?parent=97744"}],"wp:term":[{"taxonomy":"category","embeddable":true,"href":"https:\/\/eldiariodesanpedro.com.ar\/sitio\/wp-json\/wp\/v2\/categories?post=97744"},{"taxonomy":"post_tag","embeddable":true,"href":"https:\/\/eldiariodesanpedro.com.ar\/sitio\/wp-json\/wp\/v2\/tags?post=97744"}],"curies":[{"name":"wp","href":"https:\/\/api.w.org\/{rel}","templated":true}]}}