{"id":97739,"date":"2021-08-21T21:02:21","date_gmt":"2021-08-22T00:02:21","guid":{"rendered":"https:\/\/eldiariodesanpedro.com.ar\/sitio\/?p=97739"},"modified":"2021-08-21T21:02:26","modified_gmt":"2021-08-22T00:02:26","slug":"detuvieron-al-conductor-que-atropello-y-mato-a-braian-rodriguez","status":"publish","type":"post","link":"https:\/\/eldiariodesanpedro.com.ar\/sitio\/detuvieron-al-conductor-que-atropello-y-mato-a-braian-rodriguez\/","title":{"rendered":"Detuvieron al conductor que atropell\u00f3 y mat\u00f3 a Braian Rodr\u00edguez"},"content":{"rendered":"<!-- VideographyWP Plugin Message: Automatic video embedding prevented by plugin options. -->\n\n<p>Tras las apelaciones y la definici\u00f3n de la C\u00e1mara de Casaci\u00f3n, el productor rural Hugo Parra deber\u00e1 purgar una pena de tres a\u00f1os y medio en prisi\u00f3n.<\/p>\n\n\n\n<p>La Corte Suprema de la Provincia de Buenos Aires ratific\u00f3 la condena de tres a\u00f1os y medio de prisi\u00f3n aplicada por el Tribunal Criminal N\u00b0 1 de San Nicol\u00e1s al productor rural Hugo Parra y deber\u00e1 cumplir la pena alojado en una Unidad Penal del Servicio Penitenciario bonaerense.<\/p>\n\n\n\n<p>Tiene que ver con la muerte de Braian Rodr\u00edguez, el joven de 19 a\u00f1os oriundo de Santa Luc\u00eda que fue atropellado el 24 de junio de 2011 en el kil\u00f3metro 6 de la Ruta 191.<\/p>\n\n\n\n<p>Parra viajaba en una camioneta Chevrolet S10 y choc\u00f3 la moto Corven 125 que guiaba la v\u00edctima y viajaba en la misma direcci\u00f3n.<\/p>\n\n\n\n<p>El agravante del caso fue que el conductor dej\u00f3 la camioneta y se fue del lugar. Al d\u00eda siguiente se present\u00f3 su hijo queriendo responsabilizarse del hecho pero la investigaci\u00f3n determin\u00f3 que era el hombre de 58 a\u00f1os quien manejaba la camioneta.<\/p>\n\n\n\n<p>La defensa de Parra efectu\u00f3 distintas presentaciones y hasta lleg\u00f3 a la Corte Suprema que finalmente descart\u00f3 cualquier justificativo e indic\u00f3 que el productor cumpla la sanci\u00f3n tras las rejas.<\/p>\n","protected":false},"excerpt":{"rendered":"<p>Tras las apelaciones y la definici\u00f3n de la C\u00e1mara de Casaci\u00f3n, el productor rural Hugo Parra deber\u00e1 purgar una pena de tres a\u00f1os y medio en prisi\u00f3n. La Corte Suprema de la Provincia de Buenos Aires ratific\u00f3 la condena de tres a\u00f1os y medio de prisi\u00f3n aplicada por el Tribunal Criminal N\u00b0 1 de San [&hellip;]<\/p>\n","protected":false},"author":4,"featured_media":97740,"comment_status":"closed","ping_status":"closed","sticky":false,"template":"","format":"standard","meta":{"om_disable_all_campaigns":false,"_jetpack_memberships_contains_paid_content":false,"footnotes":""},"categories":[50,101,2],"tags":[],"class_list":["post-97739","post","type-post","status-publish","format-standard","has-post-thumbnail","hentry","category-destacadas","category-interes-general-locales","category-locales"],"aioseo_notices":[],"gutentor_comment":0,"jetpack_featured_media_url":"https:\/\/eldiariodesanpedro.com.ar\/sitio\/wp-content\/uploads\/2021\/08\/0000020214-resized-1920x1080-1.jpg","jetpack_shortlink":"https:\/\/wp.me\/p6RhLt-pqr","jetpack_sharing_enabled":true,"_links":{"self":[{"href":"https:\/\/eldiariodesanpedro.com.ar\/sitio\/wp-json\/wp\/v2\/posts\/97739","targetHints":{"allow":["GET"]}}],"collection":[{"href":"https:\/\/eldiariodesanpedro.com.ar\/sitio\/wp-json\/wp\/v2\/posts"}],"about":[{"href":"https:\/\/eldiariodesanpedro.com.ar\/sitio\/wp-json\/wp\/v2\/types\/post"}],"author":[{"embeddable":true,"href":"https:\/\/eldiariodesanpedro.com.ar\/sitio\/wp-json\/wp\/v2\/users\/4"}],"replies":[{"embeddable":true,"href":"https:\/\/eldiariodesanpedro.com.ar\/sitio\/wp-json\/wp\/v2\/comments?post=97739"}],"version-history":[{"count":1,"href":"https:\/\/eldiariodesanpedro.com.ar\/sitio\/wp-json\/wp\/v2\/posts\/97739\/revisions"}],"predecessor-version":[{"id":97741,"href":"https:\/\/eldiariodesanpedro.com.ar\/sitio\/wp-json\/wp\/v2\/posts\/97739\/revisions\/97741"}],"wp:featuredmedia":[{"embeddable":true,"href":"https:\/\/eldiariodesanpedro.com.ar\/sitio\/wp-json\/wp\/v2\/media\/97740"}],"wp:attachment":[{"href":"https:\/\/eldiariodesanpedro.com.ar\/sitio\/wp-json\/wp\/v2\/media?parent=97739"}],"wp:term":[{"taxonomy":"category","embeddable":true,"href":"https:\/\/eldiariodesanpedro.com.ar\/sitio\/wp-json\/wp\/v2\/categories?post=97739"},{"taxonomy":"post_tag","embeddable":true,"href":"https:\/\/eldiariodesanpedro.com.ar\/sitio\/wp-json\/wp\/v2\/tags?post=97739"}],"curies":[{"name":"wp","href":"https:\/\/api.w.org\/{rel}","templated":true}]}}