{"id":97733,"date":"2021-08-21T20:42:41","date_gmt":"2021-08-21T23:42:41","guid":{"rendered":"https:\/\/eldiariodesanpedro.com.ar\/sitio\/?p=97733"},"modified":"2021-08-21T20:42:47","modified_gmt":"2021-08-21T23:42:47","slug":"fallecio-karen-batle-fundadora-de-resistire","status":"publish","type":"post","link":"https:\/\/eldiariodesanpedro.com.ar\/sitio\/fallecio-karen-batle-fundadora-de-resistire\/","title":{"rendered":"Falleci\u00f3 Karen Batle, fundadora de Resistir\u00e9"},"content":{"rendered":"<!-- VideographyWP Plugin Message: Automatic video embedding prevented by plugin options. -->\n\n<p>Ten\u00eda 54 a\u00f1os y desde hac\u00eda muchos a\u00f1os pele\u00f3 y le gan\u00f3 varias veces al c\u00e1ncer. Fue la impulsora de la fundaci\u00f3n que afront\u00f3 las dificultades burocr\u00e1ticas que deb\u00edan superar los pacientes oncol\u00f3gicos<\/p>\n\n\n\n<p>Luego de pelear durante a\u00f1os contra el c\u00e1ncer y ganar varias \u00abbatallas\u00bb, como ella dec\u00eda, falleci\u00f3 este s\u00e1bado Karen Batle. La mujer ten\u00eda 54 a\u00f1os y sobresali\u00f3 por su lucha a favor de los pacientes que padec\u00edan su misma enfermedad y no contaban con los recursos necesarios para efectuar los tratamientos. As\u00ed fue como fund\u00f3 la instituci\u00f3n Resistir\u00e9 imponi\u00e9ndose a un sistema de salud mezquino que le puso un sin fin de obst\u00e1culos a los que ella supo imponerse.<\/p>\n\n\n\n<p>La salud de Karen Batle se hab\u00eda deteriorado en los \u00faltimos meses y su fallecimiento provoc\u00f3 un profundo dolor en la comunidad y principalmente en sus seres queridos que la despidieron con amor y respeto en las redes sociales.<\/p>\n\n\n\n<p><em>\u00abEn el d\u00eda de la fecha 21\/08\/2021 , nuestra tan querida Karen, parti\u00f3 junto a Dios a su viaje eterno.<\/em><\/p>\n\n\n\n<p><em>Guerreras como ellas no hay, siempre le dijo que SI a la vida, pero hoy sus ganas se apagaron. Nosotros, su familia quedamos con el alma destrozada, pero con un peque\u00f1o alivio de que se agotaron sus d\u00edas de dolor, que nos prometi\u00f3 que ac\u00e1 o all\u00e1 jam\u00e1s nos va a dejar solos que Karen siempre va a estar para todos, siempre dispuesta a seguir adelante, a estar siempre de pie para dar batalla.<\/em><\/p>\n\n\n\n<p><em>Su deseo era que sus cenizas vayan al mar, su lugar en el mundo, y as\u00ed ser\u00e1 respetado.<\/em><\/p>\n\n\n\n<p><em>Queremos darles unas GRACIAS INMENSAS a cada persona que estuvo junto a nosotros en estas semanas de sufrimiento, al Dr. Bertone que fue nuestro sost\u00e9n, sus amigos Edgar Britos, Gustavo Diaz, Alberto Barrios, Paola Vaccari, Fernando Berot y su se\u00f1ora, etc. Perd\u00f3n si olvidamos de alguien, son muchas las personas que fueron parte de esta lucha, en verdad muchas gracias.<\/em><\/p>\n\n\n\n<p><em>Ella sent\u00eda de cerca el amor de cada uno como as\u00ed tambi\u00e9n de su familia.<\/em><\/p>\n\n\n\n<p><em>Hoy hacemos esta \u00faltima publicaci\u00f3n para despedirla porque as\u00ed ella lo anhelaba, y le deseamos fuerzas muchas fuerzas a cada persona que pasa por situaciones no deseadas con esta dura enfermedad.<\/em><\/p>\n\n\n\n<p><em>Karen va a estar en el coraz\u00f3n de cada persona que tanto ayud\u00f3, solidaria, respetuosa, con su car\u00e1cter tan frontal, mov\u00eda cielo y tierra para ayudar y dar una mano a quien as\u00ed lo necesitaba. As\u00ed te recordaremos nuestra querida \u00abCRISTI\u00bb.<\/em><\/p>\n\n\n\n<p><em>Te prometimos estar bien, y pensar que s\u00f3lo te fuiste de viaje, nos vemos pronto luchadora de la vida.<\/em><\/p>\n\n\n\n<p><em>PROHIBIDO OLVIDARLA\u00bb<\/em><\/p>\n","protected":false},"excerpt":{"rendered":"<p>Ten\u00eda 54 a\u00f1os y desde hac\u00eda muchos a\u00f1os pele\u00f3 y le gan\u00f3 varias veces al c\u00e1ncer. Fue la impulsora de la fundaci\u00f3n que afront\u00f3 las dificultades burocr\u00e1ticas que deb\u00edan superar los pacientes oncol\u00f3gicos Luego de pelear durante a\u00f1os contra el c\u00e1ncer y ganar varias \u00abbatallas\u00bb, como ella dec\u00eda, falleci\u00f3 este s\u00e1bado Karen Batle. La mujer [&hellip;]<\/p>\n","protected":false},"author":4,"featured_media":97734,"comment_status":"closed","ping_status":"closed","sticky":false,"template":"","format":"standard","meta":{"om_disable_all_campaigns":false,"_jetpack_memberships_contains_paid_content":false,"footnotes":""},"categories":[50,101,2],"tags":[],"class_list":["post-97733","post","type-post","status-publish","format-standard","has-post-thumbnail","hentry","category-destacadas","category-interes-general-locales","category-locales"],"aioseo_notices":[],"gutentor_comment":0,"jetpack_featured_media_url":"https:\/\/eldiariodesanpedro.com.ar\/sitio\/wp-content\/uploads\/2021\/08\/0000020217-resized-1920x1080-1.jpg","jetpack_shortlink":"https:\/\/wp.me\/p6RhLt-pql","jetpack_sharing_enabled":true,"_links":{"self":[{"href":"https:\/\/eldiariodesanpedro.com.ar\/sitio\/wp-json\/wp\/v2\/posts\/97733","targetHints":{"allow":["GET"]}}],"collection":[{"href":"https:\/\/eldiariodesanpedro.com.ar\/sitio\/wp-json\/wp\/v2\/posts"}],"about":[{"href":"https:\/\/eldiariodesanpedro.com.ar\/sitio\/wp-json\/wp\/v2\/types\/post"}],"author":[{"embeddable":true,"href":"https:\/\/eldiariodesanpedro.com.ar\/sitio\/wp-json\/wp\/v2\/users\/4"}],"replies":[{"embeddable":true,"href":"https:\/\/eldiariodesanpedro.com.ar\/sitio\/wp-json\/wp\/v2\/comments?post=97733"}],"version-history":[{"count":1,"href":"https:\/\/eldiariodesanpedro.com.ar\/sitio\/wp-json\/wp\/v2\/posts\/97733\/revisions"}],"predecessor-version":[{"id":97735,"href":"https:\/\/eldiariodesanpedro.com.ar\/sitio\/wp-json\/wp\/v2\/posts\/97733\/revisions\/97735"}],"wp:featuredmedia":[{"embeddable":true,"href":"https:\/\/eldiariodesanpedro.com.ar\/sitio\/wp-json\/wp\/v2\/media\/97734"}],"wp:attachment":[{"href":"https:\/\/eldiariodesanpedro.com.ar\/sitio\/wp-json\/wp\/v2\/media?parent=97733"}],"wp:term":[{"taxonomy":"category","embeddable":true,"href":"https:\/\/eldiariodesanpedro.com.ar\/sitio\/wp-json\/wp\/v2\/categories?post=97733"},{"taxonomy":"post_tag","embeddable":true,"href":"https:\/\/eldiariodesanpedro.com.ar\/sitio\/wp-json\/wp\/v2\/tags?post=97733"}],"curies":[{"name":"wp","href":"https:\/\/api.w.org\/{rel}","templated":true}]}}