{"id":97728,"date":"2021-08-20T19:32:11","date_gmt":"2021-08-20T22:32:11","guid":{"rendered":"https:\/\/eldiariodesanpedro.com.ar\/sitio\/?p=97728"},"modified":"2021-08-20T19:32:15","modified_gmt":"2021-08-20T22:32:15","slug":"mas-de-80-inscriptos-para-el-taller-gratuito-sobre-marketing-digital-y-comercio-electronico","status":"publish","type":"post","link":"https:\/\/eldiariodesanpedro.com.ar\/sitio\/mas-de-80-inscriptos-para-el-taller-gratuito-sobre-marketing-digital-y-comercio-electronico\/","title":{"rendered":"M\u00e1s de 80 inscriptos para el taller gratuito sobre marketing digital y comercio electr\u00f3nico"},"content":{"rendered":"<!-- VideographyWP Plugin Message: Automatic video embedding prevented by plugin options. -->\n\n<p>El Centro de Comercio, Industria y Turismo de San Pedro informa que se ampliaron los cupos de 80 a 100 participantes, por lo que quedan casi 20 cupos disponibles para participar del taller gratuito sobre \u201cIntroducci\u00f3n al Marketing Digital y Comercio electr\u00f3nico\u201d.<\/p>\n\n\n\n<p>La actividad se concretar\u00e1 de manera virtual los d\u00edas&nbsp;<strong>24 y 26 de agosto de 13 a 15&nbsp;<\/strong>hs a trav\u00e9s de la plataforma Google Meet y quienes hayan realizado este primer taller introductorio, podr\u00e1n participar luego, de otro taller m\u00e1s avanzado.<\/p>\n\n\n\n<p>Se recuerda adem\u00e1s, que s\u00f3lo se considerar\u00e1n inscriptos quienes hayan completado las planillas con todos los datos requeridos.<br><br>De esta manera podr\u00e1n recibir los respectivos links para acceder a la plataforma de Google Meet, por la cual se desarrollar\u00e1 la capacitaci\u00f3n.<\/p>\n\n\n\n<p>En el caso de no recibir los links de acceso por correo electr\u00f3nico, antes del d\u00eda lunes 23 de agosto, podr\u00e1n comunicarse al&nbsp;<strong>3329 59900<\/strong>&nbsp;o a trav\u00e9s de&nbsp;<a href=\"mailto:cciteducacion@gmail.com\" target=\"_blank\" rel=\"noreferrer noopener\">cciteducacion@gmail.com<\/a><\/p>\n\n\n\n<p>Por otra parte, se solicita que en caso de no poder estar presente en el taller, lo informen a fines de que otras personas puedan participar del mismo.<\/p>\n\n\n\n<p>Este taller y la tem\u00e1tica elegida, surgi\u00f3 de la demanda de los propios comerciantes, profesionales y representantes de los distintos sectores de la peque\u00f1a y mediana empresa y ha generado una enorme repercusi\u00f3n en San Pedro y alrededores, ratificando el inter\u00e9s que comparten diferentes sectores para actualizarse en aspectos tales como ventas y de posicionamiento de marcas.<\/p>\n\n\n\n<p>La Comisi\u00f3n Directiva del Centro de Comercio informa que ya se han confirmado&nbsp;nuevos talleres para el resto del a\u00f1o sobre los que se ir\u00e1 brindando informaci\u00f3n a trav\u00e9s del sitio web, las redes oficiales y los medios de comunicaci\u00f3n de nuestra ciudad.<\/p>\n\n\n\n<p><strong>Instagram: @centrodecomerciosp&nbsp;&nbsp;<br>Web:&nbsp;<a href=\"http:\/\/centrodecomerciosp.org.ar\/\" target=\"_blank\" rel=\"noreferrer noopener\">centrodecomerciosp.org.ar<\/a>&nbsp;<br>Facebook: CCITSanPedro<\/strong><\/p>\n","protected":false},"excerpt":{"rendered":"<p>El Centro de Comercio, Industria y Turismo de San Pedro informa que se ampliaron los cupos de 80 a 100 participantes, por lo que quedan casi 20 cupos disponibles para participar del taller gratuito sobre \u201cIntroducci\u00f3n al Marketing Digital y Comercio electr\u00f3nico\u201d. La actividad se concretar\u00e1 de manera virtual los d\u00edas&nbsp;24 y 26 de agosto [&hellip;]<\/p>\n","protected":false},"author":4,"featured_media":97729,"comment_status":"closed","ping_status":"closed","sticky":false,"template":"","format":"standard","meta":{"om_disable_all_campaigns":false,"_jetpack_memberships_contains_paid_content":false,"footnotes":""},"categories":[101,2],"tags":[],"class_list":["post-97728","post","type-post","status-publish","format-standard","has-post-thumbnail","hentry","category-interes-general-locales","category-locales"],"aioseo_notices":[],"gutentor_comment":0,"jetpack_featured_media_url":"https:\/\/eldiariodesanpedro.com.ar\/sitio\/wp-content\/uploads\/2021\/08\/CCIT.jpg","jetpack_shortlink":"https:\/\/wp.me\/p6RhLt-pqg","jetpack_sharing_enabled":true,"_links":{"self":[{"href":"https:\/\/eldiariodesanpedro.com.ar\/sitio\/wp-json\/wp\/v2\/posts\/97728","targetHints":{"allow":["GET"]}}],"collection":[{"href":"https:\/\/eldiariodesanpedro.com.ar\/sitio\/wp-json\/wp\/v2\/posts"}],"about":[{"href":"https:\/\/eldiariodesanpedro.com.ar\/sitio\/wp-json\/wp\/v2\/types\/post"}],"author":[{"embeddable":true,"href":"https:\/\/eldiariodesanpedro.com.ar\/sitio\/wp-json\/wp\/v2\/users\/4"}],"replies":[{"embeddable":true,"href":"https:\/\/eldiariodesanpedro.com.ar\/sitio\/wp-json\/wp\/v2\/comments?post=97728"}],"version-history":[{"count":1,"href":"https:\/\/eldiariodesanpedro.com.ar\/sitio\/wp-json\/wp\/v2\/posts\/97728\/revisions"}],"predecessor-version":[{"id":97730,"href":"https:\/\/eldiariodesanpedro.com.ar\/sitio\/wp-json\/wp\/v2\/posts\/97728\/revisions\/97730"}],"wp:featuredmedia":[{"embeddable":true,"href":"https:\/\/eldiariodesanpedro.com.ar\/sitio\/wp-json\/wp\/v2\/media\/97729"}],"wp:attachment":[{"href":"https:\/\/eldiariodesanpedro.com.ar\/sitio\/wp-json\/wp\/v2\/media?parent=97728"}],"wp:term":[{"taxonomy":"category","embeddable":true,"href":"https:\/\/eldiariodesanpedro.com.ar\/sitio\/wp-json\/wp\/v2\/categories?post=97728"},{"taxonomy":"post_tag","embeddable":true,"href":"https:\/\/eldiariodesanpedro.com.ar\/sitio\/wp-json\/wp\/v2\/tags?post=97728"}],"curies":[{"name":"wp","href":"https:\/\/api.w.org\/{rel}","templated":true}]}}