{"id":9771,"date":"2016-11-04T19:19:50","date_gmt":"2016-11-04T22:19:50","guid":{"rendered":"https:\/\/eldiariodesanpedro.com.ar\/sitio\/?p=9771"},"modified":"2016-11-04T19:20:42","modified_gmt":"2016-11-04T22:20:42","slug":"el-municipio-realizo-gestiones-para-destrabar-el-conflicto-docente-de-la-escuela-de-policia-local","status":"publish","type":"post","link":"https:\/\/eldiariodesanpedro.com.ar\/sitio\/el-municipio-realizo-gestiones-para-destrabar-el-conflicto-docente-de-la-escuela-de-policia-local\/","title":{"rendered":"El Municipio realiz\u00f3 gestiones para destrabar el conflicto docente de la escuela de Polic\u00eda Local"},"content":{"rendered":"<p><!-- VideographyWP Plugin Message: Automatic video embedding prevented by plugin options. --><br \/>\nLo afirm\u00f3 el secretario de Seguridad, Eduardo Roleri, a trav\u00e9s de La Radio 92.3. Se trata de la deuda acumulada desde principio de a\u00f1o y el inminente vencimiento de los contratos: esto puso en alerta a cerca de 20 docentes de la escuela de Polic\u00eda Local que no perciben sus salarios.<\/p>\n<p>\u201cEstuve en el Ministerio planteando el tema con el subsecretario de Planificaci\u00f3n que lleva a cargo todo esto y que es el responsable de abonar los sueldos de los docentes. Le transmit\u00ed la inquietud y ya estaba al tanto totalmente, me dijo que un tema no solo de San Pedro sino de muchas localidades de la Provincia y ahora est\u00e1n buscando una soluci\u00f3n inmediata, espero que pronto tengamos la definici\u00f3n al respecto\u201d.<\/p>\n<p>En tanto, sostuvo que la falta de contratos \u201ces una cuesti\u00f3n burocr\u00e1tica, los profesores trabajaron muy bien durante el a\u00f1o as\u00ed que es totalmente justo que ellos perciban los salarios sobre los trabajos que hicieron\u201d. \u201cLo que me dijo el subsecretario, que ya se lo transmit\u00ed a los docentes, es que con contrato o no, el pago se les va a realizar\u201d, sostuvo el funcionario municipal.<\/p>\n","protected":false},"excerpt":{"rendered":"<p>Lo afirm\u00f3 el secretario de Seguridad, Eduardo Roleri, a trav\u00e9s de La Radio 92.3. Se trata de la deuda acumulada desde principio de a\u00f1o y el inminente vencimiento de los contratos: esto puso en alerta a cerca de 20 docentes de la escuela de Polic\u00eda Local que no perciben sus salarios. \u201cEstuve en el Ministerio [&hellip;]<\/p>\n","protected":false},"author":4,"featured_media":9772,"comment_status":"open","ping_status":"closed","sticky":false,"template":"","format":"standard","meta":{"om_disable_all_campaigns":false,"_jetpack_memberships_contains_paid_content":false,"footnotes":""},"categories":[50,101,2],"tags":[],"class_list":["post-9771","post","type-post","status-publish","format-standard","has-post-thumbnail","hentry","category-destacadas","category-interes-general-locales","category-locales"],"aioseo_notices":[],"gutentor_comment":0,"jetpack_featured_media_url":"https:\/\/eldiariodesanpedro.com.ar\/sitio\/wp-content\/uploads\/2016\/11\/docentes-escula-policias.jpg","jetpack_shortlink":"https:\/\/wp.me\/p6RhLt-2xB","jetpack_sharing_enabled":true,"_links":{"self":[{"href":"https:\/\/eldiariodesanpedro.com.ar\/sitio\/wp-json\/wp\/v2\/posts\/9771","targetHints":{"allow":["GET"]}}],"collection":[{"href":"https:\/\/eldiariodesanpedro.com.ar\/sitio\/wp-json\/wp\/v2\/posts"}],"about":[{"href":"https:\/\/eldiariodesanpedro.com.ar\/sitio\/wp-json\/wp\/v2\/types\/post"}],"author":[{"embeddable":true,"href":"https:\/\/eldiariodesanpedro.com.ar\/sitio\/wp-json\/wp\/v2\/users\/4"}],"replies":[{"embeddable":true,"href":"https:\/\/eldiariodesanpedro.com.ar\/sitio\/wp-json\/wp\/v2\/comments?post=9771"}],"version-history":[{"count":1,"href":"https:\/\/eldiariodesanpedro.com.ar\/sitio\/wp-json\/wp\/v2\/posts\/9771\/revisions"}],"predecessor-version":[{"id":9773,"href":"https:\/\/eldiariodesanpedro.com.ar\/sitio\/wp-json\/wp\/v2\/posts\/9771\/revisions\/9773"}],"wp:featuredmedia":[{"embeddable":true,"href":"https:\/\/eldiariodesanpedro.com.ar\/sitio\/wp-json\/wp\/v2\/media\/9772"}],"wp:attachment":[{"href":"https:\/\/eldiariodesanpedro.com.ar\/sitio\/wp-json\/wp\/v2\/media?parent=9771"}],"wp:term":[{"taxonomy":"category","embeddable":true,"href":"https:\/\/eldiariodesanpedro.com.ar\/sitio\/wp-json\/wp\/v2\/categories?post=9771"},{"taxonomy":"post_tag","embeddable":true,"href":"https:\/\/eldiariodesanpedro.com.ar\/sitio\/wp-json\/wp\/v2\/tags?post=9771"}],"curies":[{"name":"wp","href":"https:\/\/api.w.org\/{rel}","templated":true}]}}