{"id":97702,"date":"2021-08-20T17:00:17","date_gmt":"2021-08-20T20:00:17","guid":{"rendered":"https:\/\/eldiariodesanpedro.com.ar\/sitio\/?p=97702"},"modified":"2021-08-20T17:00:21","modified_gmt":"2021-08-20T20:00:21","slug":"vuelco-fatal-un-hombre-murio-en-la-ruta-nacional-9","status":"publish","type":"post","link":"https:\/\/eldiariodesanpedro.com.ar\/sitio\/vuelco-fatal-un-hombre-murio-en-la-ruta-nacional-9\/","title":{"rendered":"Vuelco fatal: un hombre muri\u00f3 en la ruta nacional 9"},"content":{"rendered":"<!-- VideographyWP Plugin Message: Automatic video embedding prevented by plugin options. -->\n\n<p>Una persona falleci\u00f3 luego de que el veh\u00edculo en el cual circulaba se saliera de la calzada y terminar\u00e1 volcando sobre una hilera de \u00e1rboles ubicado a metros de la cinta asf\u00e1ltica.<\/p>\n\n\n\n<p>Sobre el mediod\u00eda del d\u00eda viernes se produjo un violento siniestro vial en el km 161 de la ruta nacional n\u00famero 9 carril Buenos Aires -Rosario puntualmente a la altura del puente del paraje la buena moza.<\/p>\n\n\n\n<p>En ese lugar un veh\u00edculo Nissan color gris en el que viajaban dos personas se despist\u00f3 y termin\u00f3 su alocada carrera sobre una l\u00ednea de \u00e1rboles que se ubica a unos 20 metros de el camino.<\/p>\n\n\n\n<p>El veh\u00edculo volc\u00f3 violentamente y una persona de nacionalidad India  que viajaba de acompa\u00f1ante perdi\u00f3 la vida, el conductor otro masculino de nacionalidad africana fue trasladado al nosocomio local.<\/p>\n\n\n\n<p>La fiscal\u00eda de turno orden\u00f3 la operaci\u00f3n de autopsia sobre el cuerpo del malogrado acompa\u00f1ante para determinar los motivos de su fallecimiento.<\/p>\n\n\n\n<figure class=\"wp-block-image size-large\"><img decoding=\"async\" width=\"1024\" height=\"548\" data-attachment-id=\"97704\" data-permalink=\"https:\/\/eldiariodesanpedro.com.ar\/sitio\/vuelco-fatal-un-hombre-murio-en-la-ruta-nacional-9\/whatsapp-image-2021-08-20-at-15-00-44\/\" data-orig-file=\"https:\/\/eldiariodesanpedro.com.ar\/sitio\/wp-content\/uploads\/2021\/08\/WhatsApp-Image-2021-08-20-at-15.00.44.jpeg\" data-orig-size=\"1080,578\" data-comments-opened=\"0\" data-image-meta=\"{&quot;aperture&quot;:&quot;0&quot;,&quot;credit&quot;:&quot;&quot;,&quot;camera&quot;:&quot;&quot;,&quot;caption&quot;:&quot;&quot;,&quot;created_timestamp&quot;:&quot;0&quot;,&quot;copyright&quot;:&quot;&quot;,&quot;focal_length&quot;:&quot;0&quot;,&quot;iso&quot;:&quot;0&quot;,&quot;shutter_speed&quot;:&quot;0&quot;,&quot;title&quot;:&quot;&quot;,&quot;orientation&quot;:&quot;0&quot;}\" data-image-title=\"WhatsApp Image 2021-08-20 at 15.00.44\" data-image-description=\"\" data-image-caption=\"\" data-large-file=\"https:\/\/eldiariodesanpedro.com.ar\/sitio\/wp-content\/uploads\/2021\/08\/WhatsApp-Image-2021-08-20-at-15.00.44-1024x548.jpeg\" data-src=\"https:\/\/eldiariodesanpedro.com.ar\/sitio\/wp-content\/uploads\/2021\/08\/WhatsApp-Image-2021-08-20-at-15.00.44-1024x548.jpeg\" alt=\"\" class=\"wp-image-97704 lazyload\" data-srcset=\"https:\/\/eldiariodesanpedro.com.ar\/sitio\/wp-content\/uploads\/2021\/08\/WhatsApp-Image-2021-08-20-at-15.00.44-1024x548.jpeg 1024w, https:\/\/eldiariodesanpedro.com.ar\/sitio\/wp-content\/uploads\/2021\/08\/WhatsApp-Image-2021-08-20-at-15.00.44-300x161.jpeg 300w, https:\/\/eldiariodesanpedro.com.ar\/sitio\/wp-content\/uploads\/2021\/08\/WhatsApp-Image-2021-08-20-at-15.00.44-768x411.jpeg 768w, https:\/\/eldiariodesanpedro.com.ar\/sitio\/wp-content\/uploads\/2021\/08\/WhatsApp-Image-2021-08-20-at-15.00.44.jpeg 1080w\" data-sizes=\"(max-width: 1024px) 100vw, 1024px\" src=\"data:image\/svg+xml;base64,PHN2ZyB3aWR0aD0iMSIgaGVpZ2h0PSIxIiB4bWxucz0iaHR0cDovL3d3dy53My5vcmcvMjAwMC9zdmciPjwvc3ZnPg==\" style=\"--smush-placeholder-width: 1024px; --smush-placeholder-aspect-ratio: 1024\/548;\" \/><\/figure>\n\n\n\n<figure class=\"wp-block-image size-large\"><img decoding=\"async\" width=\"1024\" height=\"563\" data-attachment-id=\"97703\" data-permalink=\"https:\/\/eldiariodesanpedro.com.ar\/sitio\/vuelco-fatal-un-hombre-murio-en-la-ruta-nacional-9\/whatsapp-image-2021-08-20-at-15-00-44-1\/\" data-orig-file=\"https:\/\/eldiariodesanpedro.com.ar\/sitio\/wp-content\/uploads\/2021\/08\/WhatsApp-Image-2021-08-20-at-15.00.44-1.jpeg\" data-orig-size=\"1080,594\" data-comments-opened=\"0\" data-image-meta=\"{&quot;aperture&quot;:&quot;0&quot;,&quot;credit&quot;:&quot;&quot;,&quot;camera&quot;:&quot;&quot;,&quot;caption&quot;:&quot;&quot;,&quot;created_timestamp&quot;:&quot;0&quot;,&quot;copyright&quot;:&quot;&quot;,&quot;focal_length&quot;:&quot;0&quot;,&quot;iso&quot;:&quot;0&quot;,&quot;shutter_speed&quot;:&quot;0&quot;,&quot;title&quot;:&quot;&quot;,&quot;orientation&quot;:&quot;0&quot;}\" data-image-title=\"WhatsApp Image 2021-08-20 at 15.00.44 (1)\" data-image-description=\"\" data-image-caption=\"\" data-large-file=\"https:\/\/eldiariodesanpedro.com.ar\/sitio\/wp-content\/uploads\/2021\/08\/WhatsApp-Image-2021-08-20-at-15.00.44-1-1024x563.jpeg\" data-src=\"https:\/\/eldiariodesanpedro.com.ar\/sitio\/wp-content\/uploads\/2021\/08\/WhatsApp-Image-2021-08-20-at-15.00.44-1-1024x563.jpeg\" alt=\"\" class=\"wp-image-97703 lazyload\" data-srcset=\"https:\/\/eldiariodesanpedro.com.ar\/sitio\/wp-content\/uploads\/2021\/08\/WhatsApp-Image-2021-08-20-at-15.00.44-1-1024x563.jpeg 1024w, https:\/\/eldiariodesanpedro.com.ar\/sitio\/wp-content\/uploads\/2021\/08\/WhatsApp-Image-2021-08-20-at-15.00.44-1-300x165.jpeg 300w, https:\/\/eldiariodesanpedro.com.ar\/sitio\/wp-content\/uploads\/2021\/08\/WhatsApp-Image-2021-08-20-at-15.00.44-1-768x422.jpeg 768w, https:\/\/eldiariodesanpedro.com.ar\/sitio\/wp-content\/uploads\/2021\/08\/WhatsApp-Image-2021-08-20-at-15.00.44-1.jpeg 1080w\" data-sizes=\"(max-width: 1024px) 100vw, 1024px\" src=\"data:image\/svg+xml;base64,PHN2ZyB3aWR0aD0iMSIgaGVpZ2h0PSIxIiB4bWxucz0iaHR0cDovL3d3dy53My5vcmcvMjAwMC9zdmciPjwvc3ZnPg==\" style=\"--smush-placeholder-width: 1024px; --smush-placeholder-aspect-ratio: 1024\/563;\" \/><\/figure>\n","protected":false},"excerpt":{"rendered":"<p>Una persona falleci\u00f3 luego de que el veh\u00edculo en el cual circulaba se saliera de la calzada y terminar\u00e1 volcando sobre una hilera de \u00e1rboles ubicado a metros de la cinta asf\u00e1ltica. Sobre el mediod\u00eda del d\u00eda viernes se produjo un violento siniestro vial en el km 161 de la ruta nacional n\u00famero 9 carril [&hellip;]<\/p>\n","protected":false},"author":4,"featured_media":97705,"comment_status":"closed","ping_status":"closed","sticky":false,"template":"","format":"standard","meta":{"om_disable_all_campaigns":false,"_jetpack_memberships_contains_paid_content":false,"footnotes":""},"categories":[50,2,103],"tags":[],"class_list":["post-97702","post","type-post","status-publish","format-standard","has-post-thumbnail","hentry","category-destacadas","category-locales","category-policiales-locales"],"aioseo_notices":[],"gutentor_comment":0,"jetpack_featured_media_url":"https:\/\/eldiariodesanpedro.com.ar\/sitio\/wp-content\/uploads\/2021\/08\/WhatsApp-Image-2021-08-20-at-15.01.07.jpeg","jetpack_shortlink":"https:\/\/wp.me\/p6RhLt-ppQ","jetpack_sharing_enabled":true,"_links":{"self":[{"href":"https:\/\/eldiariodesanpedro.com.ar\/sitio\/wp-json\/wp\/v2\/posts\/97702","targetHints":{"allow":["GET"]}}],"collection":[{"href":"https:\/\/eldiariodesanpedro.com.ar\/sitio\/wp-json\/wp\/v2\/posts"}],"about":[{"href":"https:\/\/eldiariodesanpedro.com.ar\/sitio\/wp-json\/wp\/v2\/types\/post"}],"author":[{"embeddable":true,"href":"https:\/\/eldiariodesanpedro.com.ar\/sitio\/wp-json\/wp\/v2\/users\/4"}],"replies":[{"embeddable":true,"href":"https:\/\/eldiariodesanpedro.com.ar\/sitio\/wp-json\/wp\/v2\/comments?post=97702"}],"version-history":[{"count":1,"href":"https:\/\/eldiariodesanpedro.com.ar\/sitio\/wp-json\/wp\/v2\/posts\/97702\/revisions"}],"predecessor-version":[{"id":97706,"href":"https:\/\/eldiariodesanpedro.com.ar\/sitio\/wp-json\/wp\/v2\/posts\/97702\/revisions\/97706"}],"wp:featuredmedia":[{"embeddable":true,"href":"https:\/\/eldiariodesanpedro.com.ar\/sitio\/wp-json\/wp\/v2\/media\/97705"}],"wp:attachment":[{"href":"https:\/\/eldiariodesanpedro.com.ar\/sitio\/wp-json\/wp\/v2\/media?parent=97702"}],"wp:term":[{"taxonomy":"category","embeddable":true,"href":"https:\/\/eldiariodesanpedro.com.ar\/sitio\/wp-json\/wp\/v2\/categories?post=97702"},{"taxonomy":"post_tag","embeddable":true,"href":"https:\/\/eldiariodesanpedro.com.ar\/sitio\/wp-json\/wp\/v2\/tags?post=97702"}],"curies":[{"name":"wp","href":"https:\/\/api.w.org\/{rel}","templated":true}]}}