{"id":97694,"date":"2021-08-20T12:29:21","date_gmt":"2021-08-20T15:29:21","guid":{"rendered":"https:\/\/eldiariodesanpedro.com.ar\/sitio\/?p=97694"},"modified":"2021-08-20T12:29:25","modified_gmt":"2021-08-20T15:29:25","slug":"violencia-de-genero-una-mujer-de-47-anos-agredio-a-golpes-a-su-ex-pareja-de-25-anos","status":"publish","type":"post","link":"https:\/\/eldiariodesanpedro.com.ar\/sitio\/violencia-de-genero-una-mujer-de-47-anos-agredio-a-golpes-a-su-ex-pareja-de-25-anos\/","title":{"rendered":"Violencia de genero: una mujer de 47 a\u00f1os agredi\u00f3 a golpes a su ex pareja de 25 a\u00f1os"},"content":{"rendered":"<!-- VideographyWP Plugin Message: Automatic video embedding prevented by plugin options. -->\n\n<p>Este jueves siendo las 17:10 horas el personal policial tras ser alertado acude a calle Nuestra se\u00f1ora del Socorro al 100, donde procede la aprehensi\u00f3n de una mujer de 47 a\u00f1os de edad, quien momentos previos agrede a golpes de pu\u00f1o y rasgu\u00f1os a su ex pareja masculino de 25 a\u00f1os de edad.&nbsp;<\/p>\n\n\n\n<p>La v\u00edctima present\u00f3 lesiones leves, la aprehendida tras cumplir recaudos legales fue puesta en libertad Interviene Fiscal\u00eda Nro. 07.-<\/p>\n","protected":false},"excerpt":{"rendered":"<p>Este jueves siendo las 17:10 horas el personal policial tras ser alertado acude a calle Nuestra se\u00f1ora del Socorro al 100, donde procede la aprehensi\u00f3n de una mujer de 47 a\u00f1os de edad, quien momentos previos agrede a golpes de pu\u00f1o y rasgu\u00f1os a su ex pareja masculino de 25 a\u00f1os de edad.&nbsp; La v\u00edctima [&hellip;]<\/p>\n","protected":false},"author":4,"featured_media":97695,"comment_status":"closed","ping_status":"closed","sticky":false,"template":"","format":"standard","meta":{"om_disable_all_campaigns":false,"_jetpack_memberships_contains_paid_content":false,"footnotes":""},"categories":[2,103],"tags":[],"class_list":["post-97694","post","type-post","status-publish","format-standard","has-post-thumbnail","hentry","category-locales","category-policiales-locales"],"aioseo_notices":[],"gutentor_comment":0,"jetpack_featured_media_url":"https:\/\/eldiariodesanpedro.com.ar\/sitio\/wp-content\/uploads\/2021\/08\/medida-5.jpg","jetpack_shortlink":"https:\/\/wp.me\/p6RhLt-ppI","jetpack_sharing_enabled":true,"_links":{"self":[{"href":"https:\/\/eldiariodesanpedro.com.ar\/sitio\/wp-json\/wp\/v2\/posts\/97694","targetHints":{"allow":["GET"]}}],"collection":[{"href":"https:\/\/eldiariodesanpedro.com.ar\/sitio\/wp-json\/wp\/v2\/posts"}],"about":[{"href":"https:\/\/eldiariodesanpedro.com.ar\/sitio\/wp-json\/wp\/v2\/types\/post"}],"author":[{"embeddable":true,"href":"https:\/\/eldiariodesanpedro.com.ar\/sitio\/wp-json\/wp\/v2\/users\/4"}],"replies":[{"embeddable":true,"href":"https:\/\/eldiariodesanpedro.com.ar\/sitio\/wp-json\/wp\/v2\/comments?post=97694"}],"version-history":[{"count":1,"href":"https:\/\/eldiariodesanpedro.com.ar\/sitio\/wp-json\/wp\/v2\/posts\/97694\/revisions"}],"predecessor-version":[{"id":97696,"href":"https:\/\/eldiariodesanpedro.com.ar\/sitio\/wp-json\/wp\/v2\/posts\/97694\/revisions\/97696"}],"wp:featuredmedia":[{"embeddable":true,"href":"https:\/\/eldiariodesanpedro.com.ar\/sitio\/wp-json\/wp\/v2\/media\/97695"}],"wp:attachment":[{"href":"https:\/\/eldiariodesanpedro.com.ar\/sitio\/wp-json\/wp\/v2\/media?parent=97694"}],"wp:term":[{"taxonomy":"category","embeddable":true,"href":"https:\/\/eldiariodesanpedro.com.ar\/sitio\/wp-json\/wp\/v2\/categories?post=97694"},{"taxonomy":"post_tag","embeddable":true,"href":"https:\/\/eldiariodesanpedro.com.ar\/sitio\/wp-json\/wp\/v2\/tags?post=97694"}],"curies":[{"name":"wp","href":"https:\/\/api.w.org\/{rel}","templated":true}]}}