{"id":97688,"date":"2021-08-20T11:04:17","date_gmt":"2021-08-20T14:04:17","guid":{"rendered":"https:\/\/eldiariodesanpedro.com.ar\/sitio\/?p=97688"},"modified":"2021-08-20T11:04:22","modified_gmt":"2021-08-20T14:04:22","slug":"habia-denunciado-que-le-robaron-el-auto-y-lo-tenia-escondido-en-un-taller","status":"publish","type":"post","link":"https:\/\/eldiariodesanpedro.com.ar\/sitio\/habia-denunciado-que-le-robaron-el-auto-y-lo-tenia-escondido-en-un-taller\/","title":{"rendered":"Hab\u00eda denunciado que le robaron el auto y lo tenia escondido en un taller"},"content":{"rendered":"<!-- VideographyWP Plugin Message: Automatic video embedding prevented by plugin options. -->\n\n<p>Este jueves alrededor de las 14 horas el personal policial de la comisar\u00eda de San Pedro, tras averiguaciones procedi\u00f3 al secuestro de un autom\u00f3vil Ford Fiesta color gris en interior de taller ubicado en Javier Rivero y Fray Cayetano Rodr\u00edguez, sobre el rodado pesaba pedido de secuestro activo, tras una denuncia radicada el d\u00eda mi\u00e9rcoles en la noche, por un masculino mayor que daba cuenta de la sustracci\u00f3n de su autom\u00f3vil estacionado en Javier Rivero y Lavalle.&nbsp;<\/p>\n\n\n\n<p>Los primeros testimonios indicaron que el autom\u00f3vil hacia unos 30 d\u00edas permanec\u00eda en el taller, dejado por el mismo denunciante para reparaci\u00f3n, por lo que la denuncia penal que radica, era falsa.&nbsp;<\/p>\n\n\n\n<p>El autom\u00f3vil permanece en el dep\u00f3sito de la comisar\u00eda a disposici\u00f3n judicial. Respecto del infiel denunciante, ser\u00e1 indagado oportunamente por la justicia local, estando en evidencia el delito de falta denuncia, a tenor del art\u00edculo 245 del C.P.&nbsp;<\/p>\n","protected":false},"excerpt":{"rendered":"<p>Este jueves alrededor de las 14 horas el personal policial de la comisar\u00eda de San Pedro, tras averiguaciones procedi\u00f3 al secuestro de un autom\u00f3vil Ford Fiesta color gris en interior de taller ubicado en Javier Rivero y Fray Cayetano Rodr\u00edguez, sobre el rodado pesaba pedido de secuestro activo, tras una denuncia radicada el d\u00eda mi\u00e9rcoles [&hellip;]<\/p>\n","protected":false},"author":4,"featured_media":97689,"comment_status":"closed","ping_status":"closed","sticky":false,"template":"","format":"standard","meta":{"om_disable_all_campaigns":false,"_jetpack_memberships_contains_paid_content":false,"footnotes":""},"categories":[2,103],"tags":[],"class_list":["post-97688","post","type-post","status-publish","format-standard","has-post-thumbnail","hentry","category-locales","category-policiales-locales"],"aioseo_notices":[],"gutentor_comment":0,"jetpack_featured_media_url":"https:\/\/eldiariodesanpedro.com.ar\/sitio\/wp-content\/uploads\/2021\/08\/WhatsApp-Image-2021-08-20-at-10.09.30.jpeg","jetpack_shortlink":"https:\/\/wp.me\/p6RhLt-ppC","jetpack_sharing_enabled":true,"_links":{"self":[{"href":"https:\/\/eldiariodesanpedro.com.ar\/sitio\/wp-json\/wp\/v2\/posts\/97688","targetHints":{"allow":["GET"]}}],"collection":[{"href":"https:\/\/eldiariodesanpedro.com.ar\/sitio\/wp-json\/wp\/v2\/posts"}],"about":[{"href":"https:\/\/eldiariodesanpedro.com.ar\/sitio\/wp-json\/wp\/v2\/types\/post"}],"author":[{"embeddable":true,"href":"https:\/\/eldiariodesanpedro.com.ar\/sitio\/wp-json\/wp\/v2\/users\/4"}],"replies":[{"embeddable":true,"href":"https:\/\/eldiariodesanpedro.com.ar\/sitio\/wp-json\/wp\/v2\/comments?post=97688"}],"version-history":[{"count":1,"href":"https:\/\/eldiariodesanpedro.com.ar\/sitio\/wp-json\/wp\/v2\/posts\/97688\/revisions"}],"predecessor-version":[{"id":97690,"href":"https:\/\/eldiariodesanpedro.com.ar\/sitio\/wp-json\/wp\/v2\/posts\/97688\/revisions\/97690"}],"wp:featuredmedia":[{"embeddable":true,"href":"https:\/\/eldiariodesanpedro.com.ar\/sitio\/wp-json\/wp\/v2\/media\/97689"}],"wp:attachment":[{"href":"https:\/\/eldiariodesanpedro.com.ar\/sitio\/wp-json\/wp\/v2\/media?parent=97688"}],"wp:term":[{"taxonomy":"category","embeddable":true,"href":"https:\/\/eldiariodesanpedro.com.ar\/sitio\/wp-json\/wp\/v2\/categories?post=97688"},{"taxonomy":"post_tag","embeddable":true,"href":"https:\/\/eldiariodesanpedro.com.ar\/sitio\/wp-json\/wp\/v2\/tags?post=97688"}],"curies":[{"name":"wp","href":"https:\/\/api.w.org\/{rel}","templated":true}]}}