{"id":97683,"date":"2021-08-20T10:51:16","date_gmt":"2021-08-20T13:51:16","guid":{"rendered":"https:\/\/eldiariodesanpedro.com.ar\/sitio\/?p=97683"},"modified":"2021-08-20T10:51:19","modified_gmt":"2021-08-20T13:51:19","slug":"aprehende-a-un-joven-en-infraganti-delito-esta-madrugada","status":"publish","type":"post","link":"https:\/\/eldiariodesanpedro.com.ar\/sitio\/aprehende-a-un-joven-en-infraganti-delito-esta-madrugada\/","title":{"rendered":"Aprehende a un joven en infraganti delito esta madrugada"},"content":{"rendered":"<!-- VideographyWP Plugin Message: Automatic video embedding prevented by plugin options. -->\n\n<p>Esta madrugada alrededor de las 05 hs el personal policial de la comisar\u00eda alertado por una llamado al 911, y tras r\u00e1pido proceder en calle Caron\u00ed al 200, procede a la aprehensi\u00f3n in fraganti delito de un delincuente masculino de 27 a\u00f1os edad, quien intentaba darse a la fuga en una motocicleta, secuestr\u00e1ndose en su poder bobina de maquinaria de metal y cobre, la que sustrajo de galp\u00f3n ubicado a metros, propiedad de un ciudadano de 39 a\u00f1os de edad.\u00a0<\/p>\n\n\n\n<p>El delincuente permanece alojado en sede policial a disposici\u00f3n de la justicia local. Respecto de la motocicleta, la misma no registra pedido de secuestro activo, siendo secuestrada a disposici\u00f3n del tribunal de faltas local, por falta de documentaci\u00f3n. \u00a0<\/p>\n\n\n\n<figure class=\"wp-block-image size-large\"><img decoding=\"async\" width=\"752\" height=\"813\" data-attachment-id=\"97685\" data-permalink=\"https:\/\/eldiariodesanpedro.com.ar\/sitio\/aprehende-a-un-joven-en-infraganti-delito-esta-madrugada\/whatsapp-image-2021-08-20-at-10-08-20\/\" data-orig-file=\"https:\/\/eldiariodesanpedro.com.ar\/sitio\/wp-content\/uploads\/2021\/08\/WhatsApp-Image-2021-08-20-at-10.08.20.jpeg\" data-orig-size=\"752,813\" data-comments-opened=\"0\" data-image-meta=\"{&quot;aperture&quot;:&quot;0&quot;,&quot;credit&quot;:&quot;&quot;,&quot;camera&quot;:&quot;&quot;,&quot;caption&quot;:&quot;&quot;,&quot;created_timestamp&quot;:&quot;0&quot;,&quot;copyright&quot;:&quot;&quot;,&quot;focal_length&quot;:&quot;0&quot;,&quot;iso&quot;:&quot;0&quot;,&quot;shutter_speed&quot;:&quot;0&quot;,&quot;title&quot;:&quot;&quot;,&quot;orientation&quot;:&quot;0&quot;}\" data-image-title=\"WhatsApp-Image-2021-08-20-at-10.08.20\" data-image-description=\"\" data-image-caption=\"\" data-large-file=\"https:\/\/eldiariodesanpedro.com.ar\/sitio\/wp-content\/uploads\/2021\/08\/WhatsApp-Image-2021-08-20-at-10.08.20.jpeg\" data-src=\"https:\/\/eldiariodesanpedro.com.ar\/sitio\/wp-content\/uploads\/2021\/08\/WhatsApp-Image-2021-08-20-at-10.08.20.jpeg\" alt=\"\" class=\"wp-image-97685 lazyload\" data-srcset=\"https:\/\/eldiariodesanpedro.com.ar\/sitio\/wp-content\/uploads\/2021\/08\/WhatsApp-Image-2021-08-20-at-10.08.20.jpeg 752w, https:\/\/eldiariodesanpedro.com.ar\/sitio\/wp-content\/uploads\/2021\/08\/WhatsApp-Image-2021-08-20-at-10.08.20-277x300.jpeg 277w\" data-sizes=\"(max-width: 752px) 100vw, 752px\" src=\"data:image\/svg+xml;base64,PHN2ZyB3aWR0aD0iMSIgaGVpZ2h0PSIxIiB4bWxucz0iaHR0cDovL3d3dy53My5vcmcvMjAwMC9zdmciPjwvc3ZnPg==\" style=\"--smush-placeholder-width: 752px; --smush-placeholder-aspect-ratio: 752\/813;\" \/><\/figure>\n\n\n\n<figure class=\"wp-block-image size-large\"><img decoding=\"async\" width=\"405\" height=\"826\" data-attachment-id=\"97686\" data-permalink=\"https:\/\/eldiariodesanpedro.com.ar\/sitio\/aprehende-a-un-joven-en-infraganti-delito-esta-madrugada\/whatsapp-image-2021-08-20-at-10-08-20-1\/\" data-orig-file=\"https:\/\/eldiariodesanpedro.com.ar\/sitio\/wp-content\/uploads\/2021\/08\/WhatsApp-Image-2021-08-20-at-10.08.20-1.jpeg\" data-orig-size=\"405,826\" data-comments-opened=\"0\" data-image-meta=\"{&quot;aperture&quot;:&quot;0&quot;,&quot;credit&quot;:&quot;&quot;,&quot;camera&quot;:&quot;&quot;,&quot;caption&quot;:&quot;&quot;,&quot;created_timestamp&quot;:&quot;0&quot;,&quot;copyright&quot;:&quot;&quot;,&quot;focal_length&quot;:&quot;0&quot;,&quot;iso&quot;:&quot;0&quot;,&quot;shutter_speed&quot;:&quot;0&quot;,&quot;title&quot;:&quot;&quot;,&quot;orientation&quot;:&quot;0&quot;}\" data-image-title=\"WhatsApp-Image-2021-08-20-at-10.08.20-1\" data-image-description=\"\" data-image-caption=\"\" data-large-file=\"https:\/\/eldiariodesanpedro.com.ar\/sitio\/wp-content\/uploads\/2021\/08\/WhatsApp-Image-2021-08-20-at-10.08.20-1.jpeg\" data-src=\"https:\/\/eldiariodesanpedro.com.ar\/sitio\/wp-content\/uploads\/2021\/08\/WhatsApp-Image-2021-08-20-at-10.08.20-1.jpeg\" alt=\"\" class=\"wp-image-97686 lazyload\" data-srcset=\"https:\/\/eldiariodesanpedro.com.ar\/sitio\/wp-content\/uploads\/2021\/08\/WhatsApp-Image-2021-08-20-at-10.08.20-1.jpeg 405w, https:\/\/eldiariodesanpedro.com.ar\/sitio\/wp-content\/uploads\/2021\/08\/WhatsApp-Image-2021-08-20-at-10.08.20-1-147x300.jpeg 147w\" data-sizes=\"(max-width: 405px) 100vw, 405px\" src=\"data:image\/svg+xml;base64,PHN2ZyB3aWR0aD0iMSIgaGVpZ2h0PSIxIiB4bWxucz0iaHR0cDovL3d3dy53My5vcmcvMjAwMC9zdmciPjwvc3ZnPg==\" style=\"--smush-placeholder-width: 405px; --smush-placeholder-aspect-ratio: 405\/826;\" \/><\/figure>\n","protected":false},"excerpt":{"rendered":"<p>Esta madrugada alrededor de las 05 hs el personal policial de la comisar\u00eda alertado por una llamado al 911, y tras r\u00e1pido proceder en calle Caron\u00ed al 200, procede a la aprehensi\u00f3n in fraganti delito de un delincuente masculino de 27 a\u00f1os edad, quien intentaba darse a la fuga en una motocicleta, secuestr\u00e1ndose en su [&hellip;]<\/p>\n","protected":false},"author":4,"featured_media":97684,"comment_status":"closed","ping_status":"closed","sticky":false,"template":"","format":"standard","meta":{"om_disable_all_campaigns":false,"_jetpack_memberships_contains_paid_content":false,"footnotes":""},"categories":[2,103],"tags":[],"class_list":["post-97683","post","type-post","status-publish","format-standard","has-post-thumbnail","hentry","category-locales","category-policiales-locales"],"aioseo_notices":[],"gutentor_comment":0,"jetpack_featured_media_url":"https:\/\/eldiariodesanpedro.com.ar\/sitio\/wp-content\/uploads\/2021\/08\/medida-4.jpg","jetpack_shortlink":"https:\/\/wp.me\/p6RhLt-ppx","jetpack_sharing_enabled":true,"_links":{"self":[{"href":"https:\/\/eldiariodesanpedro.com.ar\/sitio\/wp-json\/wp\/v2\/posts\/97683","targetHints":{"allow":["GET"]}}],"collection":[{"href":"https:\/\/eldiariodesanpedro.com.ar\/sitio\/wp-json\/wp\/v2\/posts"}],"about":[{"href":"https:\/\/eldiariodesanpedro.com.ar\/sitio\/wp-json\/wp\/v2\/types\/post"}],"author":[{"embeddable":true,"href":"https:\/\/eldiariodesanpedro.com.ar\/sitio\/wp-json\/wp\/v2\/users\/4"}],"replies":[{"embeddable":true,"href":"https:\/\/eldiariodesanpedro.com.ar\/sitio\/wp-json\/wp\/v2\/comments?post=97683"}],"version-history":[{"count":1,"href":"https:\/\/eldiariodesanpedro.com.ar\/sitio\/wp-json\/wp\/v2\/posts\/97683\/revisions"}],"predecessor-version":[{"id":97687,"href":"https:\/\/eldiariodesanpedro.com.ar\/sitio\/wp-json\/wp\/v2\/posts\/97683\/revisions\/97687"}],"wp:featuredmedia":[{"embeddable":true,"href":"https:\/\/eldiariodesanpedro.com.ar\/sitio\/wp-json\/wp\/v2\/media\/97684"}],"wp:attachment":[{"href":"https:\/\/eldiariodesanpedro.com.ar\/sitio\/wp-json\/wp\/v2\/media?parent=97683"}],"wp:term":[{"taxonomy":"category","embeddable":true,"href":"https:\/\/eldiariodesanpedro.com.ar\/sitio\/wp-json\/wp\/v2\/categories?post=97683"},{"taxonomy":"post_tag","embeddable":true,"href":"https:\/\/eldiariodesanpedro.com.ar\/sitio\/wp-json\/wp\/v2\/tags?post=97683"}],"curies":[{"name":"wp","href":"https:\/\/api.w.org\/{rel}","templated":true}]}}