{"id":9768,"date":"2016-11-04T19:14:31","date_gmt":"2016-11-04T22:14:31","guid":{"rendered":"https:\/\/eldiariodesanpedro.com.ar\/sitio\/?p=9768"},"modified":"2016-11-04T19:20:55","modified_gmt":"2016-11-04T22:20:55","slug":"salazar-recorrio-galpones-de-empaque-de-gobernador-castro","status":"publish","type":"post","link":"https:\/\/eldiariodesanpedro.com.ar\/sitio\/salazar-recorrio-galpones-de-empaque-de-gobernador-castro\/","title":{"rendered":"Salazar recorri\u00f3 galpones de empaque de Gobernador Castro"},"content":{"rendered":"<p><!-- VideographyWP Plugin Message: Automatic video embedding prevented by plugin options. --><br \/>\nEl mandatario comunal junto a algunos colaboradores de su gabinete estuvieron el jueves en la localidad visitando algunos de los emprendimientos.<\/p>\n<p>\u201cAyer recorrimos junto al equipo de producci\u00f3n varios galpones de empaque en Gobernador Castro, que ya comienzan con la cosecha de duraznos, las expectativas son muy buenas y eso nos llena de esperanza, porque significa que muchas familias tendr\u00e1n m\u00e1s trabajo en esta temporada\u201d, sostuvo el mandatario a trav\u00e9s de su p\u00e1gina de Facebook.<\/p>\n<p>\u201cHablamos con los productores y trabajadores, los que conforman una gran familia y juntos recordamos viejas historias, todos llegamos a la conclusi\u00f3n de que trabajando juntos, d\u00eda a d\u00eda, vamos a recuperar el pa\u00eds y la ciudad que nos merecemos, sigamos construyendo futuro\u201d, sostuvo adem\u00e1s.<\/p>\n","protected":false},"excerpt":{"rendered":"<p>El mandatario comunal junto a algunos colaboradores de su gabinete estuvieron el jueves en la localidad visitando algunos de los emprendimientos. \u201cAyer recorrimos junto al equipo de producci\u00f3n varios galpones de empaque en Gobernador Castro, que ya comienzan con la cosecha de duraznos, las expectativas son muy buenas y eso nos llena de esperanza, porque [&hellip;]<\/p>\n","protected":false},"author":4,"featured_media":9769,"comment_status":"open","ping_status":"closed","sticky":false,"template":"","format":"standard","meta":{"om_disable_all_campaigns":false,"_jetpack_memberships_contains_paid_content":false,"footnotes":""},"categories":[50,2,102],"tags":[],"class_list":["post-9768","post","type-post","status-publish","format-standard","has-post-thumbnail","hentry","category-destacadas","category-locales","category-politica-locales"],"aioseo_notices":[],"gutentor_comment":0,"jetpack_featured_media_url":"https:\/\/eldiariodesanpedro.com.ar\/sitio\/wp-content\/uploads\/2016\/11\/PAGINA-4-1.jpg","jetpack_shortlink":"https:\/\/wp.me\/p6RhLt-2xy","jetpack_sharing_enabled":true,"_links":{"self":[{"href":"https:\/\/eldiariodesanpedro.com.ar\/sitio\/wp-json\/wp\/v2\/posts\/9768","targetHints":{"allow":["GET"]}}],"collection":[{"href":"https:\/\/eldiariodesanpedro.com.ar\/sitio\/wp-json\/wp\/v2\/posts"}],"about":[{"href":"https:\/\/eldiariodesanpedro.com.ar\/sitio\/wp-json\/wp\/v2\/types\/post"}],"author":[{"embeddable":true,"href":"https:\/\/eldiariodesanpedro.com.ar\/sitio\/wp-json\/wp\/v2\/users\/4"}],"replies":[{"embeddable":true,"href":"https:\/\/eldiariodesanpedro.com.ar\/sitio\/wp-json\/wp\/v2\/comments?post=9768"}],"version-history":[{"count":1,"href":"https:\/\/eldiariodesanpedro.com.ar\/sitio\/wp-json\/wp\/v2\/posts\/9768\/revisions"}],"predecessor-version":[{"id":9770,"href":"https:\/\/eldiariodesanpedro.com.ar\/sitio\/wp-json\/wp\/v2\/posts\/9768\/revisions\/9770"}],"wp:featuredmedia":[{"embeddable":true,"href":"https:\/\/eldiariodesanpedro.com.ar\/sitio\/wp-json\/wp\/v2\/media\/9769"}],"wp:attachment":[{"href":"https:\/\/eldiariodesanpedro.com.ar\/sitio\/wp-json\/wp\/v2\/media?parent=9768"}],"wp:term":[{"taxonomy":"category","embeddable":true,"href":"https:\/\/eldiariodesanpedro.com.ar\/sitio\/wp-json\/wp\/v2\/categories?post=9768"},{"taxonomy":"post_tag","embeddable":true,"href":"https:\/\/eldiariodesanpedro.com.ar\/sitio\/wp-json\/wp\/v2\/tags?post=9768"}],"curies":[{"name":"wp","href":"https:\/\/api.w.org\/{rel}","templated":true}]}}