{"id":97673,"date":"2021-08-20T10:17:07","date_gmt":"2021-08-20T13:17:07","guid":{"rendered":"https:\/\/eldiariodesanpedro.com.ar\/sitio\/?p=97673"},"modified":"2021-08-20T10:17:11","modified_gmt":"2021-08-20T13:17:11","slug":"el-intendente-reunio-a-representantes-del-sistema-de-atencion-y-contencion-de-la-pandemia-de-covid-19","status":"publish","type":"post","link":"https:\/\/eldiariodesanpedro.com.ar\/sitio\/el-intendente-reunio-a-representantes-del-sistema-de-atencion-y-contencion-de-la-pandemia-de-covid-19\/","title":{"rendered":"El Intendente reuni\u00f3 a representantes del sistema de atenci\u00f3n y contenci\u00f3n de la Pandemia de Covid-19"},"content":{"rendered":"<!-- VideographyWP Plugin Message: Automatic video embedding prevented by plugin options. -->\n\n<p>En su despacho este mediod\u00eda el Intendente Cecilio Salazar junto al Secretario de Salud Daniel Creus y el Secretario de Coordinaci\u00f3n Ram\u00f3n Salazar, recibieron a representantes de todos los sectores involucrados en el sistema de atenci\u00f3n y contenci\u00f3n de la Pandemia de Covid-19, para expresar personalmente el agradecimiento y reconocimiento por el trabajo que comenz\u00f3 en marzo del a\u00f1o pasado y que a\u00fan contin\u00faa.<\/p>\n\n\n\n<p>La convocatoria que se ajust\u00f3 a las cuestiones de protocolo vigentes, incluy\u00f3 a referentes de cada uno de los \u00e1mbitos que fueron respondiendo a una demanda constante y creciente de atenci\u00f3n.<\/p>\n\n\n\n<p>M\u00e9dicos, enfermeras, trabajadores de cada uno de los espacios que forman parte del sistema de salud, cuadrillas de seguimiento y plan de vacunaci\u00f3n, recibieron diplomas id\u00e9nticos a los que ir\u00e1n llegando progresivamente a todos y cada uno de los que han cumplido con profesionalismo y solidaridad, una funci\u00f3n por la que toda la comunidad les estar\u00e1 eternamente agradecida.<\/p>\n\n\n\n<p>El Intendente y los secretarios destacaron la intensidad del trabajo compartido y remarcaron la predisposici\u00f3n y la b\u00fasqueda permanente de disponer todos los recursos para estar a la altura de las circunstancias, desde el \u00e1rea sanitaria y tambi\u00e9n desde la Secretar\u00eda de Desarrollo Humano y desde cada sector que fue convocado.<\/p>\n\n\n\n<p>Los invitados tambi\u00e9n resaltaron el trabajo en equipo y el respaldo que desde el comienzo de la Pandemia se ofreci\u00f3 desde el gobierno municipal, interactuando con Regi\u00f3n Sanitaria y con los estamentos de los gobiernos provincial y nacional.<\/p>\n\n\n\n<p>Hubo espacio para la emoci\u00f3n, el recuerdo para quienes lamentablemente perdieron la vida y las historias vividas con familiares y pacientes en estos largos 15 meses en los que se han ido adaptando los procedimientos, siempre con el objetivo de brindarle a todos los vecinos y vecinas, la atenci\u00f3n que merecen.<\/p>\n\n\n\n<p>En los diplomas entregados y que se seguir\u00e1n distribuyendo durante los pr\u00f3ximos d\u00edas se destaca \u00abla valiosa, incansable y desinteresada labor y compromiso en tareas de asistencia, contenci\u00f3n y planificaci\u00f3n en la contingencia surgida durante la Pandemia por COVID 19\u00bb y una frase de Mahatma Ghandi: \u201cNuestra recompensa se encuentra en el esfuerzo y no en el resultado, un esfuerzo total es una victoria completa\u201d.<\/p>\n\n\n\n<figure class=\"wp-block-image size-large\"><img decoding=\"async\" width=\"1024\" height=\"709\" data-attachment-id=\"97675\" data-permalink=\"https:\/\/eldiariodesanpedro.com.ar\/sitio\/el-intendente-reunio-a-representantes-del-sistema-de-atencion-y-contencion-de-la-pandemia-de-covid-19\/whatsapp-image-2021-08-19-at-18-40-38\/\" data-orig-file=\"https:\/\/eldiariodesanpedro.com.ar\/sitio\/wp-content\/uploads\/2021\/08\/WhatsApp-Image-2021-08-19-at-18.40.38.jpeg\" data-orig-size=\"1280,886\" data-comments-opened=\"0\" data-image-meta=\"{&quot;aperture&quot;:&quot;0&quot;,&quot;credit&quot;:&quot;&quot;,&quot;camera&quot;:&quot;&quot;,&quot;caption&quot;:&quot;&quot;,&quot;created_timestamp&quot;:&quot;0&quot;,&quot;copyright&quot;:&quot;&quot;,&quot;focal_length&quot;:&quot;0&quot;,&quot;iso&quot;:&quot;0&quot;,&quot;shutter_speed&quot;:&quot;0&quot;,&quot;title&quot;:&quot;&quot;,&quot;orientation&quot;:&quot;0&quot;}\" data-image-title=\"WhatsApp Image 2021-08-19 at 18.40.38\" data-image-description=\"\" data-image-caption=\"\" data-large-file=\"https:\/\/eldiariodesanpedro.com.ar\/sitio\/wp-content\/uploads\/2021\/08\/WhatsApp-Image-2021-08-19-at-18.40.38-1024x709.jpeg\" data-src=\"https:\/\/eldiariodesanpedro.com.ar\/sitio\/wp-content\/uploads\/2021\/08\/WhatsApp-Image-2021-08-19-at-18.40.38-1024x709.jpeg\" alt=\"\" class=\"wp-image-97675 lazyload\" data-srcset=\"https:\/\/eldiariodesanpedro.com.ar\/sitio\/wp-content\/uploads\/2021\/08\/WhatsApp-Image-2021-08-19-at-18.40.38-1024x709.jpeg 1024w, https:\/\/eldiariodesanpedro.com.ar\/sitio\/wp-content\/uploads\/2021\/08\/WhatsApp-Image-2021-08-19-at-18.40.38-300x208.jpeg 300w, https:\/\/eldiariodesanpedro.com.ar\/sitio\/wp-content\/uploads\/2021\/08\/WhatsApp-Image-2021-08-19-at-18.40.38-768x532.jpeg 768w, https:\/\/eldiariodesanpedro.com.ar\/sitio\/wp-content\/uploads\/2021\/08\/WhatsApp-Image-2021-08-19-at-18.40.38.jpeg 1280w\" data-sizes=\"(max-width: 1024px) 100vw, 1024px\" src=\"data:image\/svg+xml;base64,PHN2ZyB3aWR0aD0iMSIgaGVpZ2h0PSIxIiB4bWxucz0iaHR0cDovL3d3dy53My5vcmcvMjAwMC9zdmciPjwvc3ZnPg==\" style=\"--smush-placeholder-width: 1024px; --smush-placeholder-aspect-ratio: 1024\/709;\" \/><\/figure>\n\n\n\n<figure class=\"wp-block-image size-large\"><img decoding=\"async\" width=\"1024\" height=\"728\" data-attachment-id=\"97680\" data-permalink=\"https:\/\/eldiariodesanpedro.com.ar\/sitio\/el-intendente-reunio-a-representantes-del-sistema-de-atencion-y-contencion-de-la-pandemia-de-covid-19\/whatsapp-image-2021-08-19-at-18-40-39-2-1\/\" data-orig-file=\"https:\/\/eldiariodesanpedro.com.ar\/sitio\/wp-content\/uploads\/2021\/08\/WhatsApp-Image-2021-08-19-at-18.40.39-2-1.jpeg\" data-orig-size=\"1280,910\" data-comments-opened=\"0\" data-image-meta=\"{&quot;aperture&quot;:&quot;0&quot;,&quot;credit&quot;:&quot;&quot;,&quot;camera&quot;:&quot;&quot;,&quot;caption&quot;:&quot;&quot;,&quot;created_timestamp&quot;:&quot;0&quot;,&quot;copyright&quot;:&quot;&quot;,&quot;focal_length&quot;:&quot;0&quot;,&quot;iso&quot;:&quot;0&quot;,&quot;shutter_speed&quot;:&quot;0&quot;,&quot;title&quot;:&quot;&quot;,&quot;orientation&quot;:&quot;0&quot;}\" data-image-title=\"WhatsApp-Image-2021-08-19-at-18.40.39-2-1\" data-image-description=\"\" data-image-caption=\"\" data-large-file=\"https:\/\/eldiariodesanpedro.com.ar\/sitio\/wp-content\/uploads\/2021\/08\/WhatsApp-Image-2021-08-19-at-18.40.39-2-1-1024x728.jpeg\" data-src=\"https:\/\/eldiariodesanpedro.com.ar\/sitio\/wp-content\/uploads\/2021\/08\/WhatsApp-Image-2021-08-19-at-18.40.39-2-1-1024x728.jpeg\" alt=\"\" class=\"wp-image-97680 lazyload\" data-srcset=\"https:\/\/eldiariodesanpedro.com.ar\/sitio\/wp-content\/uploads\/2021\/08\/WhatsApp-Image-2021-08-19-at-18.40.39-2-1-1024x728.jpeg 1024w, https:\/\/eldiariodesanpedro.com.ar\/sitio\/wp-content\/uploads\/2021\/08\/WhatsApp-Image-2021-08-19-at-18.40.39-2-1-300x213.jpeg 300w, https:\/\/eldiariodesanpedro.com.ar\/sitio\/wp-content\/uploads\/2021\/08\/WhatsApp-Image-2021-08-19-at-18.40.39-2-1-768x546.jpeg 768w, https:\/\/eldiariodesanpedro.com.ar\/sitio\/wp-content\/uploads\/2021\/08\/WhatsApp-Image-2021-08-19-at-18.40.39-2-1.jpeg 1280w\" data-sizes=\"(max-width: 1024px) 100vw, 1024px\" src=\"data:image\/svg+xml;base64,PHN2ZyB3aWR0aD0iMSIgaGVpZ2h0PSIxIiB4bWxucz0iaHR0cDovL3d3dy53My5vcmcvMjAwMC9zdmciPjwvc3ZnPg==\" style=\"--smush-placeholder-width: 1024px; --smush-placeholder-aspect-ratio: 1024\/728;\" \/><\/figure>\n\n\n\n<figure class=\"wp-block-image size-large\"><img decoding=\"async\" width=\"1024\" height=\"510\" data-attachment-id=\"97681\" data-permalink=\"https:\/\/eldiariodesanpedro.com.ar\/sitio\/el-intendente-reunio-a-representantes-del-sistema-de-atencion-y-contencion-de-la-pandemia-de-covid-19\/whatsapp-image-2021-08-19-at-18-40-39-3\/\" data-orig-file=\"https:\/\/eldiariodesanpedro.com.ar\/sitio\/wp-content\/uploads\/2021\/08\/WhatsApp-Image-2021-08-19-at-18.40.39-3.jpeg\" data-orig-size=\"1280,638\" data-comments-opened=\"0\" data-image-meta=\"{&quot;aperture&quot;:&quot;0&quot;,&quot;credit&quot;:&quot;&quot;,&quot;camera&quot;:&quot;&quot;,&quot;caption&quot;:&quot;&quot;,&quot;created_timestamp&quot;:&quot;0&quot;,&quot;copyright&quot;:&quot;&quot;,&quot;focal_length&quot;:&quot;0&quot;,&quot;iso&quot;:&quot;0&quot;,&quot;shutter_speed&quot;:&quot;0&quot;,&quot;title&quot;:&quot;&quot;,&quot;orientation&quot;:&quot;0&quot;}\" data-image-title=\"WhatsApp-Image-2021-08-19-at-18.40.39-3\" data-image-description=\"\" data-image-caption=\"\" data-large-file=\"https:\/\/eldiariodesanpedro.com.ar\/sitio\/wp-content\/uploads\/2021\/08\/WhatsApp-Image-2021-08-19-at-18.40.39-3-1024x510.jpeg\" data-src=\"https:\/\/eldiariodesanpedro.com.ar\/sitio\/wp-content\/uploads\/2021\/08\/WhatsApp-Image-2021-08-19-at-18.40.39-3-1024x510.jpeg\" alt=\"\" class=\"wp-image-97681 lazyload\" data-srcset=\"https:\/\/eldiariodesanpedro.com.ar\/sitio\/wp-content\/uploads\/2021\/08\/WhatsApp-Image-2021-08-19-at-18.40.39-3-1024x510.jpeg 1024w, https:\/\/eldiariodesanpedro.com.ar\/sitio\/wp-content\/uploads\/2021\/08\/WhatsApp-Image-2021-08-19-at-18.40.39-3-300x150.jpeg 300w, https:\/\/eldiariodesanpedro.com.ar\/sitio\/wp-content\/uploads\/2021\/08\/WhatsApp-Image-2021-08-19-at-18.40.39-3-768x383.jpeg 768w, https:\/\/eldiariodesanpedro.com.ar\/sitio\/wp-content\/uploads\/2021\/08\/WhatsApp-Image-2021-08-19-at-18.40.39-3.jpeg 1280w\" data-sizes=\"(max-width: 1024px) 100vw, 1024px\" src=\"data:image\/svg+xml;base64,PHN2ZyB3aWR0aD0iMSIgaGVpZ2h0PSIxIiB4bWxucz0iaHR0cDovL3d3dy53My5vcmcvMjAwMC9zdmciPjwvc3ZnPg==\" style=\"--smush-placeholder-width: 1024px; --smush-placeholder-aspect-ratio: 1024\/510;\" \/><\/figure>\n","protected":false},"excerpt":{"rendered":"<p>En su despacho este mediod\u00eda el Intendente Cecilio Salazar junto al Secretario de Salud Daniel Creus y el Secretario de Coordinaci\u00f3n Ram\u00f3n Salazar, recibieron a representantes de todos los sectores involucrados en el sistema de atenci\u00f3n y contenci\u00f3n de la Pandemia de Covid-19, para expresar personalmente el agradecimiento y reconocimiento por el trabajo que comenz\u00f3 [&hellip;]<\/p>\n","protected":false},"author":4,"featured_media":97677,"comment_status":"closed","ping_status":"closed","sticky":false,"template":"","format":"standard","meta":{"om_disable_all_campaigns":false,"_jetpack_memberships_contains_paid_content":false,"footnotes":""},"categories":[2],"tags":[],"class_list":["post-97673","post","type-post","status-publish","format-standard","has-post-thumbnail","hentry","category-locales"],"aioseo_notices":[],"gutentor_comment":0,"jetpack_featured_media_url":"https:\/\/eldiariodesanpedro.com.ar\/sitio\/wp-content\/uploads\/2021\/08\/WhatsApp-Image-2021-08-19-at-18.40.39-2.jpeg","jetpack_shortlink":"https:\/\/wp.me\/p6RhLt-ppn","jetpack_sharing_enabled":true,"_links":{"self":[{"href":"https:\/\/eldiariodesanpedro.com.ar\/sitio\/wp-json\/wp\/v2\/posts\/97673","targetHints":{"allow":["GET"]}}],"collection":[{"href":"https:\/\/eldiariodesanpedro.com.ar\/sitio\/wp-json\/wp\/v2\/posts"}],"about":[{"href":"https:\/\/eldiariodesanpedro.com.ar\/sitio\/wp-json\/wp\/v2\/types\/post"}],"author":[{"embeddable":true,"href":"https:\/\/eldiariodesanpedro.com.ar\/sitio\/wp-json\/wp\/v2\/users\/4"}],"replies":[{"embeddable":true,"href":"https:\/\/eldiariodesanpedro.com.ar\/sitio\/wp-json\/wp\/v2\/comments?post=97673"}],"version-history":[{"count":1,"href":"https:\/\/eldiariodesanpedro.com.ar\/sitio\/wp-json\/wp\/v2\/posts\/97673\/revisions"}],"predecessor-version":[{"id":97682,"href":"https:\/\/eldiariodesanpedro.com.ar\/sitio\/wp-json\/wp\/v2\/posts\/97673\/revisions\/97682"}],"wp:featuredmedia":[{"embeddable":true,"href":"https:\/\/eldiariodesanpedro.com.ar\/sitio\/wp-json\/wp\/v2\/media\/97677"}],"wp:attachment":[{"href":"https:\/\/eldiariodesanpedro.com.ar\/sitio\/wp-json\/wp\/v2\/media?parent=97673"}],"wp:term":[{"taxonomy":"category","embeddable":true,"href":"https:\/\/eldiariodesanpedro.com.ar\/sitio\/wp-json\/wp\/v2\/categories?post=97673"},{"taxonomy":"post_tag","embeddable":true,"href":"https:\/\/eldiariodesanpedro.com.ar\/sitio\/wp-json\/wp\/v2\/tags?post=97673"}],"curies":[{"name":"wp","href":"https:\/\/api.w.org\/{rel}","templated":true}]}}