{"id":97655,"date":"2021-08-19T18:10:16","date_gmt":"2021-08-19T21:10:16","guid":{"rendered":"https:\/\/eldiariodesanpedro.com.ar\/sitio\/?p=97655"},"modified":"2021-08-19T18:10:22","modified_gmt":"2021-08-19T21:10:22","slug":"edicto-de-sucesion-de-ruben-daniel-bianchi","status":"publish","type":"post","link":"https:\/\/eldiariodesanpedro.com.ar\/sitio\/edicto-de-sucesion-de-ruben-daniel-bianchi\/","title":{"rendered":"Edicto de Sucesi\u00f3n de Rub\u00e9n Daniel Bianchi"},"content":{"rendered":"<!-- VideographyWP Plugin Message: Automatic video embedding prevented by plugin options. -->\n\n<p>El Juzgado de\u00a0Paz de San\u00a0 Pedro , Secretar\u00eda \u00danica , del Departamento Judicial de San Nicol\u00e1s de los Arroyos , cita y emplaza a herederos y acreedores de <strong>Rub\u00e9n Daniel Bianchi<\/strong> , por el t\u00e9rmino de 30 d\u00edas. San\u00a0Pedro, 19 de Agosto\u00a0de 2021.-<\/p>\n\n\n\n<p>DR. FACUNDO VELLON<br>ABOGADO SECRETARIO\u00a0\u00a0<\/p>\n","protected":false},"excerpt":{"rendered":"<p>El Juzgado de\u00a0Paz de San\u00a0 Pedro , Secretar\u00eda \u00danica , del Departamento Judicial de San Nicol\u00e1s de los Arroyos , cita y emplaza a herederos y acreedores de Rub\u00e9n Daniel Bianchi , por el t\u00e9rmino de 30 d\u00edas. San\u00a0Pedro, 19 de Agosto\u00a0de 2021.- DR. FACUNDO VELLONABOGADO SECRETARIO\u00a0\u00a0<\/p>\n","protected":false},"author":4,"featured_media":81115,"comment_status":"closed","ping_status":"closed","sticky":false,"template":"","format":"standard","meta":{"om_disable_all_campaigns":false,"_jetpack_memberships_contains_paid_content":false,"footnotes":""},"categories":[676,677],"tags":[],"class_list":["post-97655","post","type-post","status-publish","format-standard","has-post-thumbnail","hentry","category-edictos","category-edictos-sucesorios"],"aioseo_notices":[],"gutentor_comment":0,"jetpack_featured_media_url":"https:\/\/eldiariodesanpedro.com.ar\/sitio\/wp-content\/uploads\/2020\/09\/Poder-Judicial.jpg","jetpack_shortlink":"https:\/\/wp.me\/p6RhLt-pp5","jetpack_sharing_enabled":true,"_links":{"self":[{"href":"https:\/\/eldiariodesanpedro.com.ar\/sitio\/wp-json\/wp\/v2\/posts\/97655","targetHints":{"allow":["GET"]}}],"collection":[{"href":"https:\/\/eldiariodesanpedro.com.ar\/sitio\/wp-json\/wp\/v2\/posts"}],"about":[{"href":"https:\/\/eldiariodesanpedro.com.ar\/sitio\/wp-json\/wp\/v2\/types\/post"}],"author":[{"embeddable":true,"href":"https:\/\/eldiariodesanpedro.com.ar\/sitio\/wp-json\/wp\/v2\/users\/4"}],"replies":[{"embeddable":true,"href":"https:\/\/eldiariodesanpedro.com.ar\/sitio\/wp-json\/wp\/v2\/comments?post=97655"}],"version-history":[{"count":1,"href":"https:\/\/eldiariodesanpedro.com.ar\/sitio\/wp-json\/wp\/v2\/posts\/97655\/revisions"}],"predecessor-version":[{"id":97656,"href":"https:\/\/eldiariodesanpedro.com.ar\/sitio\/wp-json\/wp\/v2\/posts\/97655\/revisions\/97656"}],"wp:featuredmedia":[{"embeddable":true,"href":"https:\/\/eldiariodesanpedro.com.ar\/sitio\/wp-json\/wp\/v2\/media\/81115"}],"wp:attachment":[{"href":"https:\/\/eldiariodesanpedro.com.ar\/sitio\/wp-json\/wp\/v2\/media?parent=97655"}],"wp:term":[{"taxonomy":"category","embeddable":true,"href":"https:\/\/eldiariodesanpedro.com.ar\/sitio\/wp-json\/wp\/v2\/categories?post=97655"},{"taxonomy":"post_tag","embeddable":true,"href":"https:\/\/eldiariodesanpedro.com.ar\/sitio\/wp-json\/wp\/v2\/tags?post=97655"}],"curies":[{"name":"wp","href":"https:\/\/api.w.org\/{rel}","templated":true}]}}