{"id":9765,"date":"2016-11-04T19:03:46","date_gmt":"2016-11-04T22:03:46","guid":{"rendered":"https:\/\/eldiariodesanpedro.com.ar\/sitio\/?p=9765"},"modified":"2016-11-04T19:10:23","modified_gmt":"2016-11-04T22:10:23","slug":"roleri-realizo-la-denuncia-por-el-mensaje-de-facebook-que-incitaba-a-incendiar-los-galpones-de-motos","status":"publish","type":"post","link":"https:\/\/eldiariodesanpedro.com.ar\/sitio\/roleri-realizo-la-denuncia-por-el-mensaje-de-facebook-que-incitaba-a-incendiar-los-galpones-de-motos\/","title":{"rendered":"Roleri realiz\u00f3 la denuncia por el mensaje de Facebook que incitaba a incendiar los galpones de motos"},"content":{"rendered":"<p><!-- VideographyWP Plugin Message: Automatic video embedding prevented by plugin options. --><br \/>\nAnte la publicaci\u00f3n realizada en el grupo de Facebook \u201cInspector Bot\u00f3n SP\u201d, que incitaba a prender fuego el galp\u00f3n municipal donde est\u00e1n alojadas las motos, desde el municipio decidieron darle intervenci\u00f3n a la Justicia para que investigue.<\/p>\n<p>\u201cA m\u00ed me hicieron llegar la publicaci\u00f3n de Facebook esa que hicieron y fui a la Comisar\u00eda e hice la denuncia porque creo que hay un delito de acci\u00f3n p\u00fablica\u201d, dijo Eduardo Roleri, secretario de Seguridad de la Municipalidad de San Pedro.<\/p>\n<p>Luego sostuvo: \u201cEs un tema que nos preocupa mucho, nosotros tenemos recolectadas motos de infractores y debemos resguardarlas\u201d.<\/p>\n<p>En tanto, sobre los administradores del grupo dijo: \u201cNo s\u00e9 de qu\u00e9 persona se trata pero lo averiguar\u00e1 la polic\u00eda con la orden que dar\u00e1 el fiscal\u201d.<\/p>\n<p>Asimismo sostuvo: \u201cHay personas cuidando, por lo que no solo estar\u00edan atacando bienes sino tambi\u00e9n vidas humanas\u201d.<br \/>\nCabe recordar que el mensaje expresaba (sic): \u201cHola muchachos del grupo tengo una idea para que se funda el municipio hay que prender fuego los galpones donde est\u00e1n las moto haci as\u00ed se come unos juicios la mini haci pagan las motos que chorean\u201d.<\/p>\n","protected":false},"excerpt":{"rendered":"<p>Ante la publicaci\u00f3n realizada en el grupo de Facebook \u201cInspector Bot\u00f3n SP\u201d, que incitaba a prender fuego el galp\u00f3n municipal donde est\u00e1n alojadas las motos, desde el municipio decidieron darle intervenci\u00f3n a la Justicia para que investigue. \u201cA m\u00ed me hicieron llegar la publicaci\u00f3n de Facebook esa que hicieron y fui a la Comisar\u00eda e [&hellip;]<\/p>\n","protected":false},"author":4,"featured_media":9766,"comment_status":"open","ping_status":"closed","sticky":false,"template":"","format":"standard","meta":{"om_disable_all_campaigns":false,"_jetpack_memberships_contains_paid_content":false,"footnotes":""},"categories":[2,103],"tags":[],"class_list":["post-9765","post","type-post","status-publish","format-standard","has-post-thumbnail","hentry","category-locales","category-policiales-locales"],"aioseo_notices":[],"gutentor_comment":0,"jetpack_featured_media_url":"https:\/\/eldiariodesanpedro.com.ar\/sitio\/wp-content\/uploads\/2016\/11\/amenaza-facebook.jpg","jetpack_shortlink":"https:\/\/wp.me\/p6RhLt-2xv","jetpack_sharing_enabled":true,"_links":{"self":[{"href":"https:\/\/eldiariodesanpedro.com.ar\/sitio\/wp-json\/wp\/v2\/posts\/9765","targetHints":{"allow":["GET"]}}],"collection":[{"href":"https:\/\/eldiariodesanpedro.com.ar\/sitio\/wp-json\/wp\/v2\/posts"}],"about":[{"href":"https:\/\/eldiariodesanpedro.com.ar\/sitio\/wp-json\/wp\/v2\/types\/post"}],"author":[{"embeddable":true,"href":"https:\/\/eldiariodesanpedro.com.ar\/sitio\/wp-json\/wp\/v2\/users\/4"}],"replies":[{"embeddable":true,"href":"https:\/\/eldiariodesanpedro.com.ar\/sitio\/wp-json\/wp\/v2\/comments?post=9765"}],"version-history":[{"count":1,"href":"https:\/\/eldiariodesanpedro.com.ar\/sitio\/wp-json\/wp\/v2\/posts\/9765\/revisions"}],"predecessor-version":[{"id":9767,"href":"https:\/\/eldiariodesanpedro.com.ar\/sitio\/wp-json\/wp\/v2\/posts\/9765\/revisions\/9767"}],"wp:featuredmedia":[{"embeddable":true,"href":"https:\/\/eldiariodesanpedro.com.ar\/sitio\/wp-json\/wp\/v2\/media\/9766"}],"wp:attachment":[{"href":"https:\/\/eldiariodesanpedro.com.ar\/sitio\/wp-json\/wp\/v2\/media?parent=9765"}],"wp:term":[{"taxonomy":"category","embeddable":true,"href":"https:\/\/eldiariodesanpedro.com.ar\/sitio\/wp-json\/wp\/v2\/categories?post=9765"},{"taxonomy":"post_tag","embeddable":true,"href":"https:\/\/eldiariodesanpedro.com.ar\/sitio\/wp-json\/wp\/v2\/tags?post=9765"}],"curies":[{"name":"wp","href":"https:\/\/api.w.org\/{rel}","templated":true}]}}