{"id":97648,"date":"2021-08-19T14:27:38","date_gmt":"2021-08-19T17:27:38","guid":{"rendered":"https:\/\/eldiariodesanpedro.com.ar\/sitio\/?p=97648"},"modified":"2021-08-19T14:27:39","modified_gmt":"2021-08-19T17:27:39","slug":"se-robaron-un-automovil-estacionado-sin-llave-en-sus-puertas","status":"publish","type":"post","link":"https:\/\/eldiariodesanpedro.com.ar\/sitio\/se-robaron-un-automovil-estacionado-sin-llave-en-sus-puertas\/","title":{"rendered":"Se robaron un autom\u00f3vil estacionado sin llave en sus puertas"},"content":{"rendered":"<!-- VideographyWP Plugin Message: Automatic video embedding prevented by plugin options. -->\n\n<p>En la jornada de ayer delincuentes se llevaron un autom\u00f3vil que fue dejado estacionado en la v\u00eda p\u00fablica con las puertas sin llave por lo que cuando el due\u00f1o se quiso ir no encontr\u00f3 el veh\u00edculo.<\/p>\n\n\n\n<p>El siniestro tuvo lugar el d\u00eda de ayer entre las 21 y las 23:30 hs en calle javier Rivero al 1300 donde un ciudadano de 47 a\u00f1os deja su autom\u00f3vil Ford Ka color gris estacionado en la v\u00eda p\u00fablica pero sin medidas de seguridad colocadas, autores ignorados constatan la situaci\u00f3n por lo que se lo llevan, cuando el masculino se retira del domicilio descubre el faltante del mismo.<\/p>\n\n\n\n<p>La polic\u00eda investiga el caso para dar con el paradero del veh\u00edculo y la causa fue caratulada como hurto ya que no se realiz\u00f3 violencia en sus puertas al momento de la sustracci\u00f3n del mismo.<\/p>\n","protected":false},"excerpt":{"rendered":"<p>En la jornada de ayer delincuentes se llevaron un autom\u00f3vil que fue dejado estacionado en la v\u00eda p\u00fablica con las puertas sin llave por lo que cuando el due\u00f1o se quiso ir no encontr\u00f3 el veh\u00edculo. El siniestro tuvo lugar el d\u00eda de ayer entre las 21 y las 23:30 hs en calle javier Rivero [&hellip;]<\/p>\n","protected":false},"author":4,"featured_media":45394,"comment_status":"closed","ping_status":"closed","sticky":false,"template":"","format":"standard","meta":{"om_disable_all_campaigns":false,"_jetpack_memberships_contains_paid_content":false,"footnotes":""},"categories":[2,103],"tags":[],"class_list":["post-97648","post","type-post","status-publish","format-standard","has-post-thumbnail","hentry","category-locales","category-policiales-locales"],"aioseo_notices":[],"gutentor_comment":0,"jetpack_featured_media_url":"https:\/\/eldiariodesanpedro.com.ar\/sitio\/wp-content\/uploads\/2019\/01\/comisaria.jpg","jetpack_shortlink":"https:\/\/wp.me\/p6RhLt-poY","jetpack_sharing_enabled":true,"_links":{"self":[{"href":"https:\/\/eldiariodesanpedro.com.ar\/sitio\/wp-json\/wp\/v2\/posts\/97648","targetHints":{"allow":["GET"]}}],"collection":[{"href":"https:\/\/eldiariodesanpedro.com.ar\/sitio\/wp-json\/wp\/v2\/posts"}],"about":[{"href":"https:\/\/eldiariodesanpedro.com.ar\/sitio\/wp-json\/wp\/v2\/types\/post"}],"author":[{"embeddable":true,"href":"https:\/\/eldiariodesanpedro.com.ar\/sitio\/wp-json\/wp\/v2\/users\/4"}],"replies":[{"embeddable":true,"href":"https:\/\/eldiariodesanpedro.com.ar\/sitio\/wp-json\/wp\/v2\/comments?post=97648"}],"version-history":[{"count":1,"href":"https:\/\/eldiariodesanpedro.com.ar\/sitio\/wp-json\/wp\/v2\/posts\/97648\/revisions"}],"predecessor-version":[{"id":97649,"href":"https:\/\/eldiariodesanpedro.com.ar\/sitio\/wp-json\/wp\/v2\/posts\/97648\/revisions\/97649"}],"wp:featuredmedia":[{"embeddable":true,"href":"https:\/\/eldiariodesanpedro.com.ar\/sitio\/wp-json\/wp\/v2\/media\/45394"}],"wp:attachment":[{"href":"https:\/\/eldiariodesanpedro.com.ar\/sitio\/wp-json\/wp\/v2\/media?parent=97648"}],"wp:term":[{"taxonomy":"category","embeddable":true,"href":"https:\/\/eldiariodesanpedro.com.ar\/sitio\/wp-json\/wp\/v2\/categories?post=97648"},{"taxonomy":"post_tag","embeddable":true,"href":"https:\/\/eldiariodesanpedro.com.ar\/sitio\/wp-json\/wp\/v2\/tags?post=97648"}],"curies":[{"name":"wp","href":"https:\/\/api.w.org\/{rel}","templated":true}]}}