{"id":97641,"date":"2021-08-19T12:34:39","date_gmt":"2021-08-19T15:34:39","guid":{"rendered":"https:\/\/eldiariodesanpedro.com.ar\/sitio\/?p=97641"},"modified":"2021-08-19T12:34:46","modified_gmt":"2021-08-19T15:34:46","slug":"dos-personas-aprehendidas-por-tratar-de-robarse-el-chasis-de-una-automovil","status":"publish","type":"post","link":"https:\/\/eldiariodesanpedro.com.ar\/sitio\/dos-personas-aprehendidas-por-tratar-de-robarse-el-chasis-de-una-automovil\/","title":{"rendered":"Dos personas aprehendidas por tratar de robarse el chasis de una autom\u00f3vil"},"content":{"rendered":"<!-- VideographyWP Plugin Message: Automatic video embedding prevented by plugin options. -->\n\n<p>En la tarde de ayer el personal policial de la comisar\u00eda de nuestra ciudad se hizo presente en Calle 41 y Lavalle donde aprehendi\u00f3 a ciudadano de 20 y 32 a\u00f1os, quienes intentaban sustraer arrastrando chasis de veh\u00edculo en desuso y de gran peso, sin lograr cometido.&nbsp;<\/p>\n\n\n\n<p>El propietario&nbsp; es un ciudadano de 67 a\u00f1os que radic\u00f3 la correspondiente denuncia.&nbsp;<\/p>\n\n\n\n<p>Intervino la UFI 7 que dispuso que&nbsp; los delincuentes permanezcan alojados.<\/p>\n","protected":false},"excerpt":{"rendered":"<p>En la tarde de ayer el personal policial de la comisar\u00eda de nuestra ciudad se hizo presente en Calle 41 y Lavalle donde aprehendi\u00f3 a ciudadano de 20 y 32 a\u00f1os, quienes intentaban sustraer arrastrando chasis de veh\u00edculo en desuso y de gran peso, sin lograr cometido.&nbsp; El propietario&nbsp; es un ciudadano de 67 a\u00f1os [&hellip;]<\/p>\n","protected":false},"author":4,"featured_media":77860,"comment_status":"closed","ping_status":"closed","sticky":false,"template":"","format":"standard","meta":{"om_disable_all_campaigns":false,"_jetpack_memberships_contains_paid_content":false,"footnotes":""},"categories":[2,103],"tags":[],"class_list":["post-97641","post","type-post","status-publish","format-standard","has-post-thumbnail","hentry","category-locales","category-policiales-locales"],"aioseo_notices":[],"gutentor_comment":0,"jetpack_featured_media_url":"https:\/\/eldiariodesanpedro.com.ar\/sitio\/wp-content\/uploads\/2020\/07\/000085506.jpg","jetpack_shortlink":"https:\/\/wp.me\/p6RhLt-poR","jetpack_sharing_enabled":true,"_links":{"self":[{"href":"https:\/\/eldiariodesanpedro.com.ar\/sitio\/wp-json\/wp\/v2\/posts\/97641","targetHints":{"allow":["GET"]}}],"collection":[{"href":"https:\/\/eldiariodesanpedro.com.ar\/sitio\/wp-json\/wp\/v2\/posts"}],"about":[{"href":"https:\/\/eldiariodesanpedro.com.ar\/sitio\/wp-json\/wp\/v2\/types\/post"}],"author":[{"embeddable":true,"href":"https:\/\/eldiariodesanpedro.com.ar\/sitio\/wp-json\/wp\/v2\/users\/4"}],"replies":[{"embeddable":true,"href":"https:\/\/eldiariodesanpedro.com.ar\/sitio\/wp-json\/wp\/v2\/comments?post=97641"}],"version-history":[{"count":1,"href":"https:\/\/eldiariodesanpedro.com.ar\/sitio\/wp-json\/wp\/v2\/posts\/97641\/revisions"}],"predecessor-version":[{"id":97642,"href":"https:\/\/eldiariodesanpedro.com.ar\/sitio\/wp-json\/wp\/v2\/posts\/97641\/revisions\/97642"}],"wp:featuredmedia":[{"embeddable":true,"href":"https:\/\/eldiariodesanpedro.com.ar\/sitio\/wp-json\/wp\/v2\/media\/77860"}],"wp:attachment":[{"href":"https:\/\/eldiariodesanpedro.com.ar\/sitio\/wp-json\/wp\/v2\/media?parent=97641"}],"wp:term":[{"taxonomy":"category","embeddable":true,"href":"https:\/\/eldiariodesanpedro.com.ar\/sitio\/wp-json\/wp\/v2\/categories?post=97641"},{"taxonomy":"post_tag","embeddable":true,"href":"https:\/\/eldiariodesanpedro.com.ar\/sitio\/wp-json\/wp\/v2\/tags?post=97641"}],"curies":[{"name":"wp","href":"https:\/\/api.w.org\/{rel}","templated":true}]}}