{"id":97633,"date":"2021-08-19T09:26:12","date_gmt":"2021-08-19T12:26:12","guid":{"rendered":"https:\/\/eldiariodesanpedro.com.ar\/sitio\/?p=97633"},"modified":"2021-08-19T09:26:18","modified_gmt":"2021-08-19T12:26:18","slug":"se-firmo-el-contrato-para-la-repavimentacion-de-la-ruta-provincial-191","status":"publish","type":"post","link":"https:\/\/eldiariodesanpedro.com.ar\/sitio\/se-firmo-el-contrato-para-la-repavimentacion-de-la-ruta-provincial-191\/","title":{"rendered":"Se firm\u00f3 el contrato para la repavimentaci\u00f3n de la Ruta Provincial 191"},"content":{"rendered":"<!-- VideographyWP Plugin Message: Automatic video embedding prevented by plugin options. -->\n\n<p>En la tarde de ayer se firm\u00f3 el contrato para el inicio de las obras de pavimentaci\u00f3n de la Ruta Provincial 191 entre las Rutas Nacionales 8 y 9, cubriendo los 48 kil\u00f3metros que separan a San Pedro de Arrecifes.<\/p>\n\n\n\n<p>Luego de recientes reuniones mantenidas en La Plata, fue el propio administrador General de la Direcci\u00f3n de Vialidad de la Provincia de Buenos Aires Dr. Gerardo Tarchinale, quien confirm\u00f3 al Intendente Cecilio Salazar esta importante novedad que era aguardada con mucho inter\u00e9s por todos los vecinos de la regi\u00f3n, considerando el deterioro que presenta desde hace a\u00f1os.<\/p>\n\n\n\n<p>Tras la aprobaci\u00f3n conocida en las \u00faltimas horas a trav\u00e9s de una resoluci\u00f3n de Vialidad, se adjudic\u00f3 la obra a la empresa Eleprint S.A. por un monto de $ 1.006.061.568,53.<\/p>\n\n\n\n<p>De acuerdo a lo informado por el titular de Vialidad al Intendente Salazar, las obras comenzar\u00edan en aproximadamente 40 d\u00edas y el plazo de ejecuci\u00f3n y conservaci\u00f3n es de 365 d\u00edas corridos divididos en dos etapas.<\/p>\n\n\n\n<p>Desde el gobierno municipal se han realizado gestiones al m\u00e1ximo nivel para que dentro de las obras se incluya la repavimentaci\u00f3n del acceso a Santa Luc\u00eda desde la Ruta 191 y con la definici\u00f3n de la empresa que llevar\u00e1 adelante la repavimentaci\u00f3n completa se continuar\u00e1 trabajando junto a Vialidad para poder sumar al proyecto original esta esperada reparaci\u00f3n por la que se aguarda desde hace mucho tiempo.<\/p>\n\n\n\n<p>Otra excelente noticia que permitir\u00e1 en poco tiempo recuperar una de las rutas provinciales m\u00e1s importantes de sustancial importancia para todo nuestro Partido.<\/p>\n\n\n\n<figure class=\"wp-block-image size-large\"><img decoding=\"async\" width=\"755\" height=\"536\" data-attachment-id=\"97636\" data-permalink=\"https:\/\/eldiariodesanpedro.com.ar\/sitio\/img-20210521-wa0043\/\" data-orig-file=\"https:\/\/eldiariodesanpedro.com.ar\/sitio\/wp-content\/uploads\/2021\/08\/IMG-20210521-WA0043.jpg\" data-orig-size=\"755,536\" data-comments-opened=\"0\" data-image-meta=\"{&quot;aperture&quot;:&quot;0&quot;,&quot;credit&quot;:&quot;&quot;,&quot;camera&quot;:&quot;&quot;,&quot;caption&quot;:&quot;&quot;,&quot;created_timestamp&quot;:&quot;0&quot;,&quot;copyright&quot;:&quot;&quot;,&quot;focal_length&quot;:&quot;0&quot;,&quot;iso&quot;:&quot;0&quot;,&quot;shutter_speed&quot;:&quot;0&quot;,&quot;title&quot;:&quot;&quot;,&quot;orientation&quot;:&quot;0&quot;}\" data-image-title=\"IMG-20210521-WA0043\" data-image-description=\"\" data-image-caption=\"\" data-large-file=\"https:\/\/eldiariodesanpedro.com.ar\/sitio\/wp-content\/uploads\/2021\/08\/IMG-20210521-WA0043.jpg\" data-src=\"https:\/\/eldiariodesanpedro.com.ar\/sitio\/wp-content\/uploads\/2021\/08\/IMG-20210521-WA0043.jpg\" alt=\"\" class=\"wp-image-97636 lazyload\" data-srcset=\"https:\/\/eldiariodesanpedro.com.ar\/sitio\/wp-content\/uploads\/2021\/08\/IMG-20210521-WA0043.jpg 755w, https:\/\/eldiariodesanpedro.com.ar\/sitio\/wp-content\/uploads\/2021\/08\/IMG-20210521-WA0043-300x213.jpg 300w\" data-sizes=\"(max-width: 755px) 100vw, 755px\" src=\"data:image\/svg+xml;base64,PHN2ZyB3aWR0aD0iMSIgaGVpZ2h0PSIxIiB4bWxucz0iaHR0cDovL3d3dy53My5vcmcvMjAwMC9zdmciPjwvc3ZnPg==\" style=\"--smush-placeholder-width: 755px; --smush-placeholder-aspect-ratio: 755\/536;\" \/><\/figure>\n","protected":false},"excerpt":{"rendered":"<p>En la tarde de ayer se firm\u00f3 el contrato para el inicio de las obras de pavimentaci\u00f3n de la Ruta Provincial 191 entre las Rutas Nacionales 8 y 9, cubriendo los 48 kil\u00f3metros que separan a San Pedro de Arrecifes. Luego de recientes reuniones mantenidas en La Plata, fue el propio administrador General de la [&hellip;]<\/p>\n","protected":false},"author":4,"featured_media":97634,"comment_status":"closed","ping_status":"closed","sticky":false,"template":"","format":"standard","meta":{"om_disable_all_campaigns":false,"_jetpack_memberships_contains_paid_content":false,"footnotes":""},"categories":[50,101,2],"tags":[],"class_list":["post-97633","post","type-post","status-publish","format-standard","has-post-thumbnail","hentry","category-destacadas","category-interes-general-locales","category-locales"],"aioseo_notices":[],"gutentor_comment":0,"jetpack_featured_media_url":"https:\/\/eldiariodesanpedro.com.ar\/sitio\/wp-content\/uploads\/2021\/08\/de4068cd69d381c47e9c1f2e53417127.jpeg","jetpack_shortlink":"https:\/\/wp.me\/p6RhLt-poJ","jetpack_sharing_enabled":true,"_links":{"self":[{"href":"https:\/\/eldiariodesanpedro.com.ar\/sitio\/wp-json\/wp\/v2\/posts\/97633","targetHints":{"allow":["GET"]}}],"collection":[{"href":"https:\/\/eldiariodesanpedro.com.ar\/sitio\/wp-json\/wp\/v2\/posts"}],"about":[{"href":"https:\/\/eldiariodesanpedro.com.ar\/sitio\/wp-json\/wp\/v2\/types\/post"}],"author":[{"embeddable":true,"href":"https:\/\/eldiariodesanpedro.com.ar\/sitio\/wp-json\/wp\/v2\/users\/4"}],"replies":[{"embeddable":true,"href":"https:\/\/eldiariodesanpedro.com.ar\/sitio\/wp-json\/wp\/v2\/comments?post=97633"}],"version-history":[{"count":1,"href":"https:\/\/eldiariodesanpedro.com.ar\/sitio\/wp-json\/wp\/v2\/posts\/97633\/revisions"}],"predecessor-version":[{"id":97637,"href":"https:\/\/eldiariodesanpedro.com.ar\/sitio\/wp-json\/wp\/v2\/posts\/97633\/revisions\/97637"}],"wp:featuredmedia":[{"embeddable":true,"href":"https:\/\/eldiariodesanpedro.com.ar\/sitio\/wp-json\/wp\/v2\/media\/97634"}],"wp:attachment":[{"href":"https:\/\/eldiariodesanpedro.com.ar\/sitio\/wp-json\/wp\/v2\/media?parent=97633"}],"wp:term":[{"taxonomy":"category","embeddable":true,"href":"https:\/\/eldiariodesanpedro.com.ar\/sitio\/wp-json\/wp\/v2\/categories?post=97633"},{"taxonomy":"post_tag","embeddable":true,"href":"https:\/\/eldiariodesanpedro.com.ar\/sitio\/wp-json\/wp\/v2\/tags?post=97633"}],"curies":[{"name":"wp","href":"https:\/\/api.w.org\/{rel}","templated":true}]}}