{"id":97622,"date":"2021-08-18T14:42:06","date_gmt":"2021-08-18T17:42:06","guid":{"rendered":"https:\/\/eldiariodesanpedro.com.ar\/sitio\/?p=97622"},"modified":"2021-08-18T14:42:11","modified_gmt":"2021-08-18T17:42:11","slug":"edicto-de-sucesion-de-labate-angley-nelly","status":"publish","type":"post","link":"https:\/\/eldiariodesanpedro.com.ar\/sitio\/edicto-de-sucesion-de-labate-angley-nelly\/","title":{"rendered":"Edicto de Sucesi\u00f3n de Labate Angley Nelly"},"content":{"rendered":"<!-- VideographyWP Plugin Message: Automatic video embedding prevented by plugin options. -->\n\n<p>El Juzgado de Paz Letrado de Baradero, Secretar\u00eda \u00danica Departamento Judicial de San Nicol\u00e1s cita y emplaza por\u00a0 treinta d\u00edas a herederos y acreedores de: <strong>Labate Angley Nelly.<\/strong>&#8211; Baradero,01\u00a0 de Julio de 2021. &#8211;<\/p>\n\n\n\n<p>DR. ESTEBAN O. PERUSINA\u00a0<br>\u00a0ABOGADO SECRETARIO\u00a0<\/p>\n","protected":false},"excerpt":{"rendered":"<p>El Juzgado de Paz Letrado de Baradero, Secretar\u00eda \u00danica Departamento Judicial de San Nicol\u00e1s cita y emplaza por\u00a0 treinta d\u00edas a herederos y acreedores de: Labate Angley Nelly.&#8211; Baradero,01\u00a0 de Julio de 2021. &#8211; DR. ESTEBAN O. PERUSINA\u00a0\u00a0ABOGADO SECRETARIO\u00a0<\/p>\n","protected":false},"author":4,"featured_media":81115,"comment_status":"closed","ping_status":"closed","sticky":false,"template":"","format":"standard","meta":{"om_disable_all_campaigns":false,"_jetpack_memberships_contains_paid_content":false,"footnotes":""},"categories":[676,677],"tags":[2111,2298],"class_list":["post-97622","post","type-post","status-publish","format-standard","has-post-thumbnail","hentry","category-edictos","category-edictos-sucesorios","tag-edicto-de-sucesion","tag-labate-angley-nelly"],"aioseo_notices":[],"gutentor_comment":0,"jetpack_featured_media_url":"https:\/\/eldiariodesanpedro.com.ar\/sitio\/wp-content\/uploads\/2020\/09\/Poder-Judicial.jpg","jetpack_shortlink":"https:\/\/wp.me\/p6RhLt-poy","jetpack_sharing_enabled":true,"_links":{"self":[{"href":"https:\/\/eldiariodesanpedro.com.ar\/sitio\/wp-json\/wp\/v2\/posts\/97622","targetHints":{"allow":["GET"]}}],"collection":[{"href":"https:\/\/eldiariodesanpedro.com.ar\/sitio\/wp-json\/wp\/v2\/posts"}],"about":[{"href":"https:\/\/eldiariodesanpedro.com.ar\/sitio\/wp-json\/wp\/v2\/types\/post"}],"author":[{"embeddable":true,"href":"https:\/\/eldiariodesanpedro.com.ar\/sitio\/wp-json\/wp\/v2\/users\/4"}],"replies":[{"embeddable":true,"href":"https:\/\/eldiariodesanpedro.com.ar\/sitio\/wp-json\/wp\/v2\/comments?post=97622"}],"version-history":[{"count":1,"href":"https:\/\/eldiariodesanpedro.com.ar\/sitio\/wp-json\/wp\/v2\/posts\/97622\/revisions"}],"predecessor-version":[{"id":97623,"href":"https:\/\/eldiariodesanpedro.com.ar\/sitio\/wp-json\/wp\/v2\/posts\/97622\/revisions\/97623"}],"wp:featuredmedia":[{"embeddable":true,"href":"https:\/\/eldiariodesanpedro.com.ar\/sitio\/wp-json\/wp\/v2\/media\/81115"}],"wp:attachment":[{"href":"https:\/\/eldiariodesanpedro.com.ar\/sitio\/wp-json\/wp\/v2\/media?parent=97622"}],"wp:term":[{"taxonomy":"category","embeddable":true,"href":"https:\/\/eldiariodesanpedro.com.ar\/sitio\/wp-json\/wp\/v2\/categories?post=97622"},{"taxonomy":"post_tag","embeddable":true,"href":"https:\/\/eldiariodesanpedro.com.ar\/sitio\/wp-json\/wp\/v2\/tags?post=97622"}],"curies":[{"name":"wp","href":"https:\/\/api.w.org\/{rel}","templated":true}]}}