{"id":97597,"date":"2021-08-18T12:02:21","date_gmt":"2021-08-18T15:02:21","guid":{"rendered":"https:\/\/eldiariodesanpedro.com.ar\/sitio\/?p=97597"},"modified":"2021-08-18T12:02:25","modified_gmt":"2021-08-18T15:02:25","slug":"el-grupo-conservacionista-difunde-los-registros-de-fallecimientos-mas-antiguos-de-san-pedro","status":"publish","type":"post","link":"https:\/\/eldiariodesanpedro.com.ar\/sitio\/el-grupo-conservacionista-difunde-los-registros-de-fallecimientos-mas-antiguos-de-san-pedro\/","title":{"rendered":"El Grupo Conservacionista difunde los registros de fallecimientos m\u00e1s antiguos de San Pedro"},"content":{"rendered":"<!-- VideographyWP Plugin Message: Automatic video embedding prevented by plugin options. -->\n\n<p>Es una tarea conjunta con la Parroquia Santiago Ap\u00f3stol de la ciudad de Baradero. Las cr\u00f3nicas comprenden desde 1763 a 1800<\/p>\n\n\n\n<p>Una investigaci\u00f3n conjunta entre el Grupo Conservacionista de San Pedro y la Parroquia Santiago Ap\u00f3stol de Baradero, permitieron digitalizar y analizar unas treinta p\u00e1ginas pertenecientes al Libro de Defunciones de dicha sede parroquial, donde se conservan los registros m\u00e1s antiguos de fallecimientos ocurridos en nuestra zona, en la \u00e9poca de la colonia.<\/p>\n\n\n\n<p>En la tarea intervinieron el Sr. Alexis Urquiza, responsable del \u00c1rea de Patrimonio Hist\u00f3rico de la parroquia Santiago Ap\u00f3stol a cargo del sacerdote Lucas Gabriel Martinez; Jos\u00e9 Luis Aguilar, integrante del grupo de San Pedro y Roberto Young, colaborador del equipo sampedrino.<\/p>\n\n\n\n<p>En unas treinta p\u00e1ginas se observaron menciones a personas sepultadas en la \u201cIglesia de la Santa Recolecci\u00f3n de San Pedro\u201d, como se menciona a la parroquia que funcionaba en el Convento Franciscano alrededor del cual se desarroll\u00f3&nbsp; la ciudad. Hay, adem\u00e1s, registros de personas fallecidas en la zona de Paraje Espinillo y la zona del arroyo El Tala.<\/p>\n\n\n\n<p>Desde el Grupo Conservacionista, Jos\u00e9 Luis Aguilar explica que: \u201cEntre las personas a quienes se les dio sepultura en la iglesia del convento se pudieron identificar los siguientes nombres: Luciano Arballo, Buenaventura Mart\u00ednez, Buenaventura de Acosta, Juan Agust\u00edn Le\u00f3n, Pascuala Ontiveros, Pascual Leiva,&nbsp; Juan Santa Cruz, Rafael Guti\u00e9rrez, Alejandro Ponces, Javier Guti\u00e9rrez, Pascuala Siarra, Jos\u00e9 Alcaras, Juana Ram\u00edrez, Jos\u00e9 G\u00f3mez, Jos\u00e9 Antonio Dom\u00ednguez, M\u00f3nica Ximenes, Pascual Burgos, Antonio Correa, Jos\u00e9 N., Luciano Paes, Manuel N., Jos\u00e9 Mercado, Juan Pedro Baez, Flora Gonz\u00e1lez, Magdalena Rocha, Pedro Escobar, Petrona G\u00f3mez, Antonio Ordo\u00f1ez, Francisco Cartagena, Ignacio Arvallo, Florentino Molina, Pedro Jos\u00e9 Guti\u00e9rrez, Casilda Castro, Ignacio G\u00f3mez, Juan Mart\u00ednez, Diego N., Juan Tomas Santa Cruz, Ram\u00f3n Chac\u00f3n, Ignacio N., Miguel N., Manuela Aranda, Pedro Cepeda, Pascual Castro y&nbsp; Juan Morales<\/p>\n\n\n\n<p>De las personas fallecidas en aquella \u00e9poca en la zona del arroyo El Tala, se leen las siguientes:<\/p>\n\n\n\n<p>Antonio Gonz\u00e1lez, Mar\u00eda Eusebia Manicha, Nicolasa Susana, Mar\u00eda Claudia Cornejo, Pascual D\u00edaz, Juana Arballo, Jos\u00e9 Ram\u00edrez, Miguel Castano, Bartolom\u00e9 Sosa, Catalina Molina, Pedro Cristaldo, Jos\u00e9 Mart\u00ednez, Francisco Ojeda y Jos\u00e9 Villagra.<\/p>\n\n\n\n<p>Lo propio, con personas registradas como fallecidas en paraje Espinillo:<\/p>\n\n\n\n<p>Francisco Soria Pardo, Isabel Molina, Mar\u00eda Tomasa Cabrera, Mauricio Arias, Alejandro Banegas\u201d.<\/p>\n\n\n\n<p>En algunos de los registros analizados figuran s\u00f3lo el nombre de la persona, sin el apellido, por tratarse de abor\u00edgenes o esclavos. Tambi\u00e9n se observ\u00f3, durante el an\u00e1lisis de los textos, una alta mortalidad infantil, ya que muchos figuran en las p\u00e1ginas como \u201cp\u00e1rvulo o p\u00e1rvula\u201d, es decir, ni\u00f1os y ni\u00f1as de muy corta edad que no hab\u00edan alcanzado la pubertad.<\/p>\n\n\n\n<p>Desde el Grupo Conservacionista agregan que \u201cEstos son los registros de fallecidos m\u00e1s antiguos de nuestra zona, ya que en aquella \u00e9poca, las anotaciones se realizaban en los libros de la parroquia de Baradero que era la que ten\u00eda autoridad sobre los territorios de San Pedro, parte de Ramallo, parte de Arrecifes y San Antonio de Areco.<\/p>\n\n\n\n<p>Estos registros ahora publicados, suman 40 a\u00f1os de historia a los que posee la Parroquia Nuestra Se\u00f1ora del Socorro, que atesora documentos desde 1801 en adelante.<\/p>\n\n\n\n<p>Son las personas que fueron sepultadas en el cementerio del Convento Franciscano. El primer cementerio de San Pedro\u201d.<\/p>\n\n\n\n<p>Seg\u00fan apreciaciones del Sr. Alexis Urquiza, \u201cBaradero posee iglesia desde sus momentos fundacionales all\u00e1 por el a\u00f1o 1615. Primero bajo la administraci\u00f3n franciscana y a partir del a\u00f1o 1640 por el clero secular. Ya entrado el siglo XVIII en un ordenamiento territorial de la di\u00f3cesis en el a\u00f1o 1730, se crean los seis primeros curatos de la campa\u00f1a de Buenos Aires. El de la campa\u00f1a norte ser\u00e1 el Curato de Arrecifes el cual incluir\u00e1 a Baradero, San Pedro, Ca\u00f1ada Honda, Las Hermanas, entre otros. Para ese entonces el pueblo de Arrecifes no ten\u00eda iglesia y s\u00ed Baradero, por lo cual se toma interinamente a la parroquia del Baradero como cabecera.&nbsp; Por otro lado, desde el s\u00ednodo de Asunci\u00f3n del a\u00f1o 1603 que la iglesia local pide a sus p\u00e1rrocos la anotaci\u00f3n de bautismos, matrimonios y defunciones. En Baradero se dar\u00e1 de forma ininterrumpida a partir del a\u00f1o 1756 por pedido del obispo Marcellano y Agramont.<\/p>\n\n\n\n<p>De esta manera en la parroquia del Baradero se comenzar\u00e1n a tomar los registros de toda la zona y, el sacerdote de esta ten\u00eda como responsabilidad recorrer toda su jurisdicci\u00f3n, generalmente a caballo, para dar los distintos sacramentos con sus respectivas anotaciones, las cuales quedaban asentadas finalmente en Baradero. Es as\u00ed, como llegamos a encontrar los registros de muertos m\u00e1s antiguos de San Pedro en los libros originales que a\u00fan se conservan en la parroquia Santiago Ap\u00f3stol\u201d.<\/p>\n\n\n\n<p>Estas digitalizaciones pasar\u00e1n a formar parte del Archivo del Museo Paleontol\u00f3gico y quienes deseen obtener copias digitalizadas de estos documentos podr\u00e1n hacerlo solicit\u00e1ndolas por Whatsapp al 3329 537187<\/p>\n\n\n\n<figure class=\"wp-block-image size-large\"><img decoding=\"async\" width=\"1024\" height=\"754\" data-attachment-id=\"97600\" data-permalink=\"https:\/\/eldiariodesanpedro.com.ar\/sitio\/el-grupo-conservacionista-difunde-los-registros-de-fallecimientos-mas-antiguos-de-san-pedro\/img-20210810-wa0018\/\" data-orig-file=\"https:\/\/eldiariodesanpedro.com.ar\/sitio\/wp-content\/uploads\/2021\/08\/IMG-20210810-WA0018.jpg\" data-orig-size=\"1213,893\" data-comments-opened=\"0\" data-image-meta=\"{&quot;aperture&quot;:&quot;0&quot;,&quot;credit&quot;:&quot;&quot;,&quot;camera&quot;:&quot;&quot;,&quot;caption&quot;:&quot;&quot;,&quot;created_timestamp&quot;:&quot;0&quot;,&quot;copyright&quot;:&quot;&quot;,&quot;focal_length&quot;:&quot;0&quot;,&quot;iso&quot;:&quot;0&quot;,&quot;shutter_speed&quot;:&quot;0&quot;,&quot;title&quot;:&quot;&quot;,&quot;orientation&quot;:&quot;0&quot;}\" data-image-title=\"IMG-20210810-WA0018\" data-image-description=\"\" data-image-caption=\"\" data-large-file=\"https:\/\/eldiariodesanpedro.com.ar\/sitio\/wp-content\/uploads\/2021\/08\/IMG-20210810-WA0018-1024x754.jpg\" data-src=\"https:\/\/eldiariodesanpedro.com.ar\/sitio\/wp-content\/uploads\/2021\/08\/IMG-20210810-WA0018-1024x754.jpg\" alt=\"\" class=\"wp-image-97600 lazyload\" data-srcset=\"https:\/\/eldiariodesanpedro.com.ar\/sitio\/wp-content\/uploads\/2021\/08\/IMG-20210810-WA0018-1024x754.jpg 1024w, https:\/\/eldiariodesanpedro.com.ar\/sitio\/wp-content\/uploads\/2021\/08\/IMG-20210810-WA0018-300x221.jpg 300w, https:\/\/eldiariodesanpedro.com.ar\/sitio\/wp-content\/uploads\/2021\/08\/IMG-20210810-WA0018-768x565.jpg 768w, https:\/\/eldiariodesanpedro.com.ar\/sitio\/wp-content\/uploads\/2021\/08\/IMG-20210810-WA0018.jpg 1213w\" data-sizes=\"(max-width: 1024px) 100vw, 1024px\" src=\"data:image\/svg+xml;base64,PHN2ZyB3aWR0aD0iMSIgaGVpZ2h0PSIxIiB4bWxucz0iaHR0cDovL3d3dy53My5vcmcvMjAwMC9zdmciPjwvc3ZnPg==\" style=\"--smush-placeholder-width: 1024px; --smush-placeholder-aspect-ratio: 1024\/754;\" \/><\/figure>\n\n\n\n<figure class=\"wp-block-image size-large\"><img decoding=\"async\" width=\"601\" height=\"1024\" data-attachment-id=\"97601\" data-permalink=\"https:\/\/eldiariodesanpedro.com.ar\/sitio\/el-grupo-conservacionista-difunde-los-registros-de-fallecimientos-mas-antiguos-de-san-pedro\/img-20210810-wa0016\/\" data-orig-file=\"https:\/\/eldiariodesanpedro.com.ar\/sitio\/wp-content\/uploads\/2021\/08\/IMG-20210810-WA0016.jpg\" data-orig-size=\"731,1246\" data-comments-opened=\"0\" data-image-meta=\"{&quot;aperture&quot;:&quot;0&quot;,&quot;credit&quot;:&quot;&quot;,&quot;camera&quot;:&quot;&quot;,&quot;caption&quot;:&quot;&quot;,&quot;created_timestamp&quot;:&quot;0&quot;,&quot;copyright&quot;:&quot;&quot;,&quot;focal_length&quot;:&quot;0&quot;,&quot;iso&quot;:&quot;0&quot;,&quot;shutter_speed&quot;:&quot;0&quot;,&quot;title&quot;:&quot;&quot;,&quot;orientation&quot;:&quot;0&quot;}\" data-image-title=\"IMG-20210810-WA0016\" data-image-description=\"\" data-image-caption=\"\" data-large-file=\"https:\/\/eldiariodesanpedro.com.ar\/sitio\/wp-content\/uploads\/2021\/08\/IMG-20210810-WA0016-601x1024.jpg\" data-src=\"https:\/\/eldiariodesanpedro.com.ar\/sitio\/wp-content\/uploads\/2021\/08\/IMG-20210810-WA0016-601x1024.jpg\" alt=\"\" class=\"wp-image-97601 lazyload\" data-srcset=\"https:\/\/eldiariodesanpedro.com.ar\/sitio\/wp-content\/uploads\/2021\/08\/IMG-20210810-WA0016-601x1024.jpg 601w, https:\/\/eldiariodesanpedro.com.ar\/sitio\/wp-content\/uploads\/2021\/08\/IMG-20210810-WA0016-176x300.jpg 176w, https:\/\/eldiariodesanpedro.com.ar\/sitio\/wp-content\/uploads\/2021\/08\/IMG-20210810-WA0016.jpg 731w\" data-sizes=\"(max-width: 601px) 100vw, 601px\" src=\"data:image\/svg+xml;base64,PHN2ZyB3aWR0aD0iMSIgaGVpZ2h0PSIxIiB4bWxucz0iaHR0cDovL3d3dy53My5vcmcvMjAwMC9zdmciPjwvc3ZnPg==\" style=\"--smush-placeholder-width: 601px; --smush-placeholder-aspect-ratio: 601\/1024;\" \/><\/figure>\n\n\n\n<figure class=\"wp-block-image size-large\"><img decoding=\"async\" width=\"568\" height=\"1024\" data-attachment-id=\"97599\" data-permalink=\"https:\/\/eldiariodesanpedro.com.ar\/sitio\/el-grupo-conservacionista-difunde-los-registros-de-fallecimientos-mas-antiguos-de-san-pedro\/img-20210810-wa0021\/\" data-orig-file=\"https:\/\/eldiariodesanpedro.com.ar\/sitio\/wp-content\/uploads\/2021\/08\/IMG-20210810-WA0021.jpg\" data-orig-size=\"687,1239\" data-comments-opened=\"0\" data-image-meta=\"{&quot;aperture&quot;:&quot;0&quot;,&quot;credit&quot;:&quot;&quot;,&quot;camera&quot;:&quot;&quot;,&quot;caption&quot;:&quot;&quot;,&quot;created_timestamp&quot;:&quot;0&quot;,&quot;copyright&quot;:&quot;&quot;,&quot;focal_length&quot;:&quot;0&quot;,&quot;iso&quot;:&quot;0&quot;,&quot;shutter_speed&quot;:&quot;0&quot;,&quot;title&quot;:&quot;&quot;,&quot;orientation&quot;:&quot;0&quot;}\" data-image-title=\"IMG-20210810-WA0021\" data-image-description=\"\" data-image-caption=\"\" data-large-file=\"https:\/\/eldiariodesanpedro.com.ar\/sitio\/wp-content\/uploads\/2021\/08\/IMG-20210810-WA0021-568x1024.jpg\" data-src=\"https:\/\/eldiariodesanpedro.com.ar\/sitio\/wp-content\/uploads\/2021\/08\/IMG-20210810-WA0021-568x1024.jpg\" alt=\"\" class=\"wp-image-97599 lazyload\" data-srcset=\"https:\/\/eldiariodesanpedro.com.ar\/sitio\/wp-content\/uploads\/2021\/08\/IMG-20210810-WA0021-568x1024.jpg 568w, https:\/\/eldiariodesanpedro.com.ar\/sitio\/wp-content\/uploads\/2021\/08\/IMG-20210810-WA0021-166x300.jpg 166w, https:\/\/eldiariodesanpedro.com.ar\/sitio\/wp-content\/uploads\/2021\/08\/IMG-20210810-WA0021.jpg 687w\" data-sizes=\"(max-width: 568px) 100vw, 568px\" src=\"data:image\/svg+xml;base64,PHN2ZyB3aWR0aD0iMSIgaGVpZ2h0PSIxIiB4bWxucz0iaHR0cDovL3d3dy53My5vcmcvMjAwMC9zdmciPjwvc3ZnPg==\" style=\"--smush-placeholder-width: 568px; --smush-placeholder-aspect-ratio: 568\/1024;\" \/><\/figure>\n","protected":false},"excerpt":{"rendered":"<p>Es una tarea conjunta con la Parroquia Santiago Ap\u00f3stol de la ciudad de Baradero. Las cr\u00f3nicas comprenden desde 1763 a 1800 Una investigaci\u00f3n conjunta entre el Grupo Conservacionista de San Pedro y la Parroquia Santiago Ap\u00f3stol de Baradero, permitieron digitalizar y analizar unas treinta p\u00e1ginas pertenecientes al Libro de Defunciones de dicha sede parroquial, donde [&hellip;]<\/p>\n","protected":false},"author":4,"featured_media":97598,"comment_status":"closed","ping_status":"closed","sticky":false,"template":"","format":"standard","meta":{"om_disable_all_campaigns":false,"_jetpack_memberships_contains_paid_content":false,"footnotes":""},"categories":[101,2],"tags":[],"class_list":["post-97597","post","type-post","status-publish","format-standard","has-post-thumbnail","hentry","category-interes-general-locales","category-locales"],"aioseo_notices":[],"gutentor_comment":0,"jetpack_featured_media_url":"https:\/\/eldiariodesanpedro.com.ar\/sitio\/wp-content\/uploads\/2021\/08\/IMG-20210810-WA0019.jpg","jetpack_shortlink":"https:\/\/wp.me\/p6RhLt-po9","jetpack_sharing_enabled":true,"_links":{"self":[{"href":"https:\/\/eldiariodesanpedro.com.ar\/sitio\/wp-json\/wp\/v2\/posts\/97597","targetHints":{"allow":["GET"]}}],"collection":[{"href":"https:\/\/eldiariodesanpedro.com.ar\/sitio\/wp-json\/wp\/v2\/posts"}],"about":[{"href":"https:\/\/eldiariodesanpedro.com.ar\/sitio\/wp-json\/wp\/v2\/types\/post"}],"author":[{"embeddable":true,"href":"https:\/\/eldiariodesanpedro.com.ar\/sitio\/wp-json\/wp\/v2\/users\/4"}],"replies":[{"embeddable":true,"href":"https:\/\/eldiariodesanpedro.com.ar\/sitio\/wp-json\/wp\/v2\/comments?post=97597"}],"version-history":[{"count":1,"href":"https:\/\/eldiariodesanpedro.com.ar\/sitio\/wp-json\/wp\/v2\/posts\/97597\/revisions"}],"predecessor-version":[{"id":97602,"href":"https:\/\/eldiariodesanpedro.com.ar\/sitio\/wp-json\/wp\/v2\/posts\/97597\/revisions\/97602"}],"wp:featuredmedia":[{"embeddable":true,"href":"https:\/\/eldiariodesanpedro.com.ar\/sitio\/wp-json\/wp\/v2\/media\/97598"}],"wp:attachment":[{"href":"https:\/\/eldiariodesanpedro.com.ar\/sitio\/wp-json\/wp\/v2\/media?parent=97597"}],"wp:term":[{"taxonomy":"category","embeddable":true,"href":"https:\/\/eldiariodesanpedro.com.ar\/sitio\/wp-json\/wp\/v2\/categories?post=97597"},{"taxonomy":"post_tag","embeddable":true,"href":"https:\/\/eldiariodesanpedro.com.ar\/sitio\/wp-json\/wp\/v2\/tags?post=97597"}],"curies":[{"name":"wp","href":"https:\/\/api.w.org\/{rel}","templated":true}]}}