{"id":9759,"date":"2016-11-04T18:57:40","date_gmt":"2016-11-04T21:57:40","guid":{"rendered":"https:\/\/eldiariodesanpedro.com.ar\/sitio\/?p=9759"},"modified":"2016-11-04T19:01:13","modified_gmt":"2016-11-04T22:01:13","slug":"recuperaron-arrecifes-un-camion-robado-en-san-pedro","status":"publish","type":"post","link":"https:\/\/eldiariodesanpedro.com.ar\/sitio\/recuperaron-arrecifes-un-camion-robado-en-san-pedro\/","title":{"rendered":"Recuperaron en Arrecifes un cami\u00f3n robado en San Pedro"},"content":{"rendered":"<p><!-- VideographyWP Plugin Message: Automatic video embedding prevented by plugin options. --><br \/>\nAproximadamente a las 23.30 de este jueves, se tom\u00f3 conocimiento de que se hab\u00eda producido el robo de un cami\u00f3n cargado con productos de la firma Nestl\u00e9 en ruta 9, cerca del kil\u00f3metro 168, entre San Pedro y Baradero.<\/p>\n<p>De inmediato se dispuso un operativo cerrojo por parte de la Comisar\u00eda de Arrecifes, junto con personal de DDI, Comando de Prevenci\u00f3n Rural, Destacamento Todd, Puesto de Vigilancia de Vi\u00f1a, logrando interceptar el cami\u00f3n en el kil\u00f3metro 190 de ruta 8, a la altura de la localidad de Vi\u00f1a.<\/p>\n<p>Se detuvo a quien conduc\u00eda el rodado en ese momento, Cristian C\u00e9sar Britos, domiciliado en la localidad bonaerense de Pablo Nogu\u00e9s, y se recuper\u00f3 la totalidad de la mercader\u00eda sustra\u00edda.<\/p>\n<p>En tanto, el chofer asaltado, Sergio L\u00e1zaro Silva, fue liberado en la localidad de General Rodr\u00edguez, provincia de Buenos Aires.<\/p>\n<p>El cami\u00f3n pertenece a Angelini S.A., de la localidad santafesina de Carreras, familia del piloto de TC Juan Marcos Angelini.<\/p>\n","protected":false},"excerpt":{"rendered":"<p>Aproximadamente a las 23.30 de este jueves, se tom\u00f3 conocimiento de que se hab\u00eda producido el robo de un cami\u00f3n cargado con productos de la firma Nestl\u00e9 en ruta 9, cerca del kil\u00f3metro 168, entre San Pedro y Baradero. De inmediato se dispuso un operativo cerrojo por parte de la Comisar\u00eda de Arrecifes, junto con [&hellip;]<\/p>\n","protected":false},"author":4,"featured_media":9758,"comment_status":"open","ping_status":"closed","sticky":false,"template":"","format":"standard","meta":{"om_disable_all_campaigns":false,"_jetpack_memberships_contains_paid_content":false,"footnotes":""},"categories":[2,103],"tags":[],"class_list":["post-9759","post","type-post","status-publish","format-standard","has-post-thumbnail","hentry","category-locales","category-policiales-locales"],"aioseo_notices":[],"gutentor_comment":0,"jetpack_featured_media_url":"https:\/\/eldiariodesanpedro.com.ar\/sitio\/wp-content\/uploads\/2016\/11\/PAGINA-3-3.jpg","jetpack_shortlink":"https:\/\/wp.me\/p6RhLt-2xp","jetpack_sharing_enabled":true,"_links":{"self":[{"href":"https:\/\/eldiariodesanpedro.com.ar\/sitio\/wp-json\/wp\/v2\/posts\/9759","targetHints":{"allow":["GET"]}}],"collection":[{"href":"https:\/\/eldiariodesanpedro.com.ar\/sitio\/wp-json\/wp\/v2\/posts"}],"about":[{"href":"https:\/\/eldiariodesanpedro.com.ar\/sitio\/wp-json\/wp\/v2\/types\/post"}],"author":[{"embeddable":true,"href":"https:\/\/eldiariodesanpedro.com.ar\/sitio\/wp-json\/wp\/v2\/users\/4"}],"replies":[{"embeddable":true,"href":"https:\/\/eldiariodesanpedro.com.ar\/sitio\/wp-json\/wp\/v2\/comments?post=9759"}],"version-history":[{"count":2,"href":"https:\/\/eldiariodesanpedro.com.ar\/sitio\/wp-json\/wp\/v2\/posts\/9759\/revisions"}],"predecessor-version":[{"id":9763,"href":"https:\/\/eldiariodesanpedro.com.ar\/sitio\/wp-json\/wp\/v2\/posts\/9759\/revisions\/9763"}],"wp:featuredmedia":[{"embeddable":true,"href":"https:\/\/eldiariodesanpedro.com.ar\/sitio\/wp-json\/wp\/v2\/media\/9758"}],"wp:attachment":[{"href":"https:\/\/eldiariodesanpedro.com.ar\/sitio\/wp-json\/wp\/v2\/media?parent=9759"}],"wp:term":[{"taxonomy":"category","embeddable":true,"href":"https:\/\/eldiariodesanpedro.com.ar\/sitio\/wp-json\/wp\/v2\/categories?post=9759"},{"taxonomy":"post_tag","embeddable":true,"href":"https:\/\/eldiariodesanpedro.com.ar\/sitio\/wp-json\/wp\/v2\/tags?post=9759"}],"curies":[{"name":"wp","href":"https:\/\/api.w.org\/{rel}","templated":true}]}}