{"id":97587,"date":"2021-08-18T11:21:10","date_gmt":"2021-08-18T14:21:10","guid":{"rendered":"https:\/\/eldiariodesanpedro.com.ar\/sitio\/?p=97587"},"modified":"2021-08-18T11:21:18","modified_gmt":"2021-08-18T14:21:18","slug":"se-detuvo-a-un-delincuente-con-frondosos-antecedentes-que-habia-robado-un-stereo-de-un-automovil","status":"publish","type":"post","link":"https:\/\/eldiariodesanpedro.com.ar\/sitio\/se-detuvo-a-un-delincuente-con-frondosos-antecedentes-que-habia-robado-un-stereo-de-un-automovil\/","title":{"rendered":"Se detuvo a un delincuente con frondosos antecedentes que hab\u00eda robado un stereo de un autom\u00f3vil"},"content":{"rendered":"<!-- VideographyWP Plugin Message: Automatic video embedding prevented by plugin options. -->\n\n<p>Este martes alrededor de las 15:40 horas, el personal policial de la comisar\u00eda alertado y tras r\u00e1pido proceder se hizo presente en calle Magliotti al 580 aprehendi\u00f3 al reconocido delincuente masculino de 27 a\u00f1os de edad.&nbsp;<\/p>\n\n\n\n<p>Se le secuestr\u00f3 en su poder un estereo de auto con pendrive, cartera con documentaci\u00f3n.<\/p>\n\n\n\n<p>El malviviente fugaba tras sustraer estos efectos del interior del autom\u00f3vil estacionado en Av. Sarmiento y Goycochea, tras&nbsp; violentar puerta autom\u00f3vil propiedad de un ciudadano de 43 a\u00f1os.&nbsp;<\/p>\n\n\n\n<p>La v\u00edctima recuper\u00f3 sus efectos secuestrados, el caco permanece alojado en sede policial a disposici\u00f3n de la justicia local<\/p>\n\n\n\n<figure class=\"wp-block-image size-large\"><img decoding=\"async\" width=\"1024\" height=\"768\" data-attachment-id=\"97588\" data-permalink=\"https:\/\/eldiariodesanpedro.com.ar\/sitio\/se-detuvo-a-un-delincuente-con-frondosos-antecedentes-que-habia-robado-un-stereo-de-un-automovil\/whatsapp-image-2021-08-18-at-11-01-25-1\/\" data-orig-file=\"https:\/\/eldiariodesanpedro.com.ar\/sitio\/wp-content\/uploads\/2021\/08\/WhatsApp-Image-2021-08-18-at-11.01.25-1.jpeg\" data-orig-size=\"1024,768\" data-comments-opened=\"0\" data-image-meta=\"{&quot;aperture&quot;:&quot;0&quot;,&quot;credit&quot;:&quot;&quot;,&quot;camera&quot;:&quot;&quot;,&quot;caption&quot;:&quot;&quot;,&quot;created_timestamp&quot;:&quot;0&quot;,&quot;copyright&quot;:&quot;&quot;,&quot;focal_length&quot;:&quot;0&quot;,&quot;iso&quot;:&quot;0&quot;,&quot;shutter_speed&quot;:&quot;0&quot;,&quot;title&quot;:&quot;&quot;,&quot;orientation&quot;:&quot;0&quot;}\" data-image-title=\"WhatsApp Image 2021-08-18 at 11.01.25 (1)\" data-image-description=\"\" data-image-caption=\"\" data-large-file=\"https:\/\/eldiariodesanpedro.com.ar\/sitio\/wp-content\/uploads\/2021\/08\/WhatsApp-Image-2021-08-18-at-11.01.25-1.jpeg\" data-src=\"https:\/\/eldiariodesanpedro.com.ar\/sitio\/wp-content\/uploads\/2021\/08\/WhatsApp-Image-2021-08-18-at-11.01.25-1.jpeg\" alt=\"\" class=\"wp-image-97588 lazyload\" data-srcset=\"https:\/\/eldiariodesanpedro.com.ar\/sitio\/wp-content\/uploads\/2021\/08\/WhatsApp-Image-2021-08-18-at-11.01.25-1.jpeg 1024w, https:\/\/eldiariodesanpedro.com.ar\/sitio\/wp-content\/uploads\/2021\/08\/WhatsApp-Image-2021-08-18-at-11.01.25-1-300x225.jpeg 300w, https:\/\/eldiariodesanpedro.com.ar\/sitio\/wp-content\/uploads\/2021\/08\/WhatsApp-Image-2021-08-18-at-11.01.25-1-768x576.jpeg 768w, https:\/\/eldiariodesanpedro.com.ar\/sitio\/wp-content\/uploads\/2021\/08\/WhatsApp-Image-2021-08-18-at-11.01.25-1-500x375.jpeg 500w\" data-sizes=\"(max-width: 1024px) 100vw, 1024px\" src=\"data:image\/svg+xml;base64,PHN2ZyB3aWR0aD0iMSIgaGVpZ2h0PSIxIiB4bWxucz0iaHR0cDovL3d3dy53My5vcmcvMjAwMC9zdmciPjwvc3ZnPg==\" style=\"--smush-placeholder-width: 1024px; --smush-placeholder-aspect-ratio: 1024\/768;\" \/><\/figure>\n","protected":false},"excerpt":{"rendered":"<p>Este martes alrededor de las 15:40 horas, el personal policial de la comisar\u00eda alertado y tras r\u00e1pido proceder se hizo presente en calle Magliotti al 580 aprehendi\u00f3 al reconocido delincuente masculino de 27 a\u00f1os de edad.&nbsp; Se le secuestr\u00f3 en su poder un estereo de auto con pendrive, cartera con documentaci\u00f3n. El malviviente fugaba tras [&hellip;]<\/p>\n","protected":false},"author":4,"featured_media":97589,"comment_status":"closed","ping_status":"closed","sticky":false,"template":"","format":"standard","meta":{"om_disable_all_campaigns":false,"_jetpack_memberships_contains_paid_content":false,"footnotes":""},"categories":[2,103],"tags":[],"class_list":["post-97587","post","type-post","status-publish","format-standard","has-post-thumbnail","hentry","category-locales","category-policiales-locales"],"aioseo_notices":[],"gutentor_comment":0,"jetpack_featured_media_url":"https:\/\/eldiariodesanpedro.com.ar\/sitio\/wp-content\/uploads\/2021\/08\/WhatsApp-Image-2021-08-18-at-11.01.25.jpeg","jetpack_shortlink":"https:\/\/wp.me\/p6RhLt-pnZ","jetpack_sharing_enabled":true,"_links":{"self":[{"href":"https:\/\/eldiariodesanpedro.com.ar\/sitio\/wp-json\/wp\/v2\/posts\/97587","targetHints":{"allow":["GET"]}}],"collection":[{"href":"https:\/\/eldiariodesanpedro.com.ar\/sitio\/wp-json\/wp\/v2\/posts"}],"about":[{"href":"https:\/\/eldiariodesanpedro.com.ar\/sitio\/wp-json\/wp\/v2\/types\/post"}],"author":[{"embeddable":true,"href":"https:\/\/eldiariodesanpedro.com.ar\/sitio\/wp-json\/wp\/v2\/users\/4"}],"replies":[{"embeddable":true,"href":"https:\/\/eldiariodesanpedro.com.ar\/sitio\/wp-json\/wp\/v2\/comments?post=97587"}],"version-history":[{"count":1,"href":"https:\/\/eldiariodesanpedro.com.ar\/sitio\/wp-json\/wp\/v2\/posts\/97587\/revisions"}],"predecessor-version":[{"id":97590,"href":"https:\/\/eldiariodesanpedro.com.ar\/sitio\/wp-json\/wp\/v2\/posts\/97587\/revisions\/97590"}],"wp:featuredmedia":[{"embeddable":true,"href":"https:\/\/eldiariodesanpedro.com.ar\/sitio\/wp-json\/wp\/v2\/media\/97589"}],"wp:attachment":[{"href":"https:\/\/eldiariodesanpedro.com.ar\/sitio\/wp-json\/wp\/v2\/media?parent=97587"}],"wp:term":[{"taxonomy":"category","embeddable":true,"href":"https:\/\/eldiariodesanpedro.com.ar\/sitio\/wp-json\/wp\/v2\/categories?post=97587"},{"taxonomy":"post_tag","embeddable":true,"href":"https:\/\/eldiariodesanpedro.com.ar\/sitio\/wp-json\/wp\/v2\/tags?post=97587"}],"curies":[{"name":"wp","href":"https:\/\/api.w.org\/{rel}","templated":true}]}}