{"id":97562,"date":"2021-08-17T22:07:55","date_gmt":"2021-08-18T01:07:55","guid":{"rendered":"https:\/\/eldiariodesanpedro.com.ar\/sitio\/?p=97562"},"modified":"2021-08-17T22:08:00","modified_gmt":"2021-08-18T01:08:00","slug":"emocionante-inauguracion-de-la-ampliacion-del-jardin-pulgarcito-en-pueblo-doyle","status":"publish","type":"post","link":"https:\/\/eldiariodesanpedro.com.ar\/sitio\/emocionante-inauguracion-de-la-ampliacion-del-jardin-pulgarcito-en-pueblo-doyle\/","title":{"rendered":"Emocionante inauguraci\u00f3n de la ampliaci\u00f3n del Jard\u00edn Pulgarcito en Pueblo Doyle"},"content":{"rendered":"<!-- VideographyWP Plugin Message: Automatic video embedding prevented by plugin options. -->\n\n<p>Este mediod\u00eda en Pueblo Doyle, quedaron oficialmente inauguradas las obras de ampliaci\u00f3n del Jard\u00edn Municipal \u00abPulgarcito\u00bb.<\/p>\n\n\n\n<p>El Intendente Cecilio Salazar, funcionarios del gobierno y autoridades educativas fueron parte de este esperado acto, luego de varias visitas en las que se fue corroborando el avance a paso firme de la obra coordinada desde la Secretar\u00eda de Obras P\u00fablicas<\/p>\n\n\n\n<p>La directora del establecimiento Paola Moreira record\u00f3 todas las gestiones que se fueron realizando y agradeci\u00f3 el acompa\u00f1amiento a \u00abeste sue\u00f1o de gran magnitud\u00bb.<\/p>\n\n\n\n<p>El Intendente tambi\u00e9n muy emocionado remarc\u00f3 el notable apoyo del gobierno provincial en todas las iniciativas y especialmente en las que tienen que ver con la educaci\u00f3n. En un tramo de su mensaje expres\u00f3: \u00abesto que estamos inaugurando es para nuestros ni\u00f1os y ni\u00f1as; es una hermosa satisfacci\u00f3n despu\u00e9s del caos que era la educaci\u00f3n en San Pedro poder seguir inaugurando obras. Tenemos muchas ganas, sabemos que falta mucho pero tras cada paso que damos, nos damos cuenta de las cosas que faltan. Tengo un gran equipo y siempre les pido que hay que escuchar a la gente, porque as\u00ed las cosas se concretan\u00bb, se\u00f1al\u00f3.<\/p>\n\n\n\n<p>En el acto quedaron oficialmente inauguradas las obras de ampliaci\u00f3n tras diferentes etapas de obra que despu\u00e9s de su apertura debi\u00f3 superar contingencias administrativas que demoraron algunas de las tareas proyectadas.<\/p>\n\n\n\n<p>Con un gran trabajo de la Secretar\u00eda de Obras P\u00fablicas y de equipos municipales de todas las \u00e1reas se lograron habilitar 116 metros cuadrados nuevos que anexan a las instalaciones ya existentes, la ampliaci\u00f3n del aulas y del Sal\u00f3n de Usos M\u00faltiples, una galer\u00eda de acceso semicubierto que brinda mayor comodidad para los d\u00edas de mal tiempo, nuevos espacios para la Direcci\u00f3n y Secretar\u00eda del Jard\u00edn con sus cuerpos de sanitarios, la remodelaci\u00f3n del sector de cocina y adem\u00e1s la conexi\u00f3n al gas natural.<\/p>\n\n\n\n<p>La obra fue financiada a trav\u00e9s del Fondo Educativo y har\u00e1 posible darle una respuesta adecuada al cupo de ni\u00f1os y ni\u00f1as que concurren all\u00ed y que se ir\u00e1n sumando, en tanto la situaci\u00f3n sanitaria general permita el retorno de las actividades educativas de manera tradicional.<\/p>\n\n\n\n<p>Participaron adem\u00e1s del Jefe Comunal Cecilio Salazar, el Inspector Jefe Regional de la Direcci\u00f3n General de Cultura y Educaci\u00f3n Miguel \u00c1ngel Fern\u00e1ndez, el Secretario de Coordinaci\u00f3n Ram\u00f3n Salazar, el Secretario de Salud Daniel Creus, el Secretario de Obras P\u00fablicas Javier Silva, el Secretario de Servicios P\u00fablicos Ariel \u00c1lvarez, la Secretaria de Cultura y Turismo Marcela Cu\u00f1er, el Secretario de Desarrollo Humano Walter S\u00e1nchez, la Directora de Educaci\u00f3n Celina Bronce, la Inspectora de Nivel Inicial de la Direcci\u00f3n General de Cultura y Educaci\u00f3n Mar\u00eda Beatriz \u00c1rias, la Directora de la instituci\u00f3n Paola Moreria y su plantel de docentes.<\/p>\n\n\n\n<figure class=\"wp-block-image size-large\"><img decoding=\"async\" width=\"1024\" height=\"948\" data-attachment-id=\"97565\" data-permalink=\"https:\/\/eldiariodesanpedro.com.ar\/sitio\/emocionante-inauguracion-de-la-ampliacion-del-jardin-pulgarcito-en-pueblo-doyle\/whatsapp-image-2021-08-17-at-20-09-23\/\" data-orig-file=\"https:\/\/eldiariodesanpedro.com.ar\/sitio\/wp-content\/uploads\/2021\/08\/WhatsApp-Image-2021-08-17-at-20.09.23.jpeg\" data-orig-size=\"1280,1185\" data-comments-opened=\"0\" data-image-meta=\"{&quot;aperture&quot;:&quot;0&quot;,&quot;credit&quot;:&quot;&quot;,&quot;camera&quot;:&quot;&quot;,&quot;caption&quot;:&quot;&quot;,&quot;created_timestamp&quot;:&quot;0&quot;,&quot;copyright&quot;:&quot;&quot;,&quot;focal_length&quot;:&quot;0&quot;,&quot;iso&quot;:&quot;0&quot;,&quot;shutter_speed&quot;:&quot;0&quot;,&quot;title&quot;:&quot;&quot;,&quot;orientation&quot;:&quot;0&quot;}\" data-image-title=\"WhatsApp Image 2021-08-17 at 20.09.23\" data-image-description=\"\" data-image-caption=\"\" data-large-file=\"https:\/\/eldiariodesanpedro.com.ar\/sitio\/wp-content\/uploads\/2021\/08\/WhatsApp-Image-2021-08-17-at-20.09.23-1024x948.jpeg\" data-src=\"https:\/\/eldiariodesanpedro.com.ar\/sitio\/wp-content\/uploads\/2021\/08\/WhatsApp-Image-2021-08-17-at-20.09.23-1024x948.jpeg\" alt=\"\" class=\"wp-image-97565 lazyload\" data-srcset=\"https:\/\/eldiariodesanpedro.com.ar\/sitio\/wp-content\/uploads\/2021\/08\/WhatsApp-Image-2021-08-17-at-20.09.23-1024x948.jpeg 1024w, https:\/\/eldiariodesanpedro.com.ar\/sitio\/wp-content\/uploads\/2021\/08\/WhatsApp-Image-2021-08-17-at-20.09.23-300x278.jpeg 300w, https:\/\/eldiariodesanpedro.com.ar\/sitio\/wp-content\/uploads\/2021\/08\/WhatsApp-Image-2021-08-17-at-20.09.23-768x711.jpeg 768w, https:\/\/eldiariodesanpedro.com.ar\/sitio\/wp-content\/uploads\/2021\/08\/WhatsApp-Image-2021-08-17-at-20.09.23.jpeg 1280w\" data-sizes=\"(max-width: 1024px) 100vw, 1024px\" src=\"data:image\/svg+xml;base64,PHN2ZyB3aWR0aD0iMSIgaGVpZ2h0PSIxIiB4bWxucz0iaHR0cDovL3d3dy53My5vcmcvMjAwMC9zdmciPjwvc3ZnPg==\" style=\"--smush-placeholder-width: 1024px; --smush-placeholder-aspect-ratio: 1024\/948;\" \/><\/figure>\n\n\n\n<figure class=\"wp-block-image size-large\"><img decoding=\"async\" width=\"1024\" height=\"570\" data-attachment-id=\"97569\" data-permalink=\"https:\/\/eldiariodesanpedro.com.ar\/sitio\/emocionante-inauguracion-de-la-ampliacion-del-jardin-pulgarcito-en-pueblo-doyle\/whatsapp-image-2021-08-17-at-20-09-26\/\" data-orig-file=\"https:\/\/eldiariodesanpedro.com.ar\/sitio\/wp-content\/uploads\/2021\/08\/WhatsApp-Image-2021-08-17-at-20.09.26.jpeg\" data-orig-size=\"1280,712\" data-comments-opened=\"0\" data-image-meta=\"{&quot;aperture&quot;:&quot;0&quot;,&quot;credit&quot;:&quot;&quot;,&quot;camera&quot;:&quot;&quot;,&quot;caption&quot;:&quot;&quot;,&quot;created_timestamp&quot;:&quot;0&quot;,&quot;copyright&quot;:&quot;&quot;,&quot;focal_length&quot;:&quot;0&quot;,&quot;iso&quot;:&quot;0&quot;,&quot;shutter_speed&quot;:&quot;0&quot;,&quot;title&quot;:&quot;&quot;,&quot;orientation&quot;:&quot;0&quot;}\" data-image-title=\"WhatsApp Image 2021-08-17 at 20.09.26\" data-image-description=\"\" data-image-caption=\"\" data-large-file=\"https:\/\/eldiariodesanpedro.com.ar\/sitio\/wp-content\/uploads\/2021\/08\/WhatsApp-Image-2021-08-17-at-20.09.26-1024x570.jpeg\" data-src=\"https:\/\/eldiariodesanpedro.com.ar\/sitio\/wp-content\/uploads\/2021\/08\/WhatsApp-Image-2021-08-17-at-20.09.26-1024x570.jpeg\" alt=\"\" class=\"wp-image-97569 lazyload\" data-srcset=\"https:\/\/eldiariodesanpedro.com.ar\/sitio\/wp-content\/uploads\/2021\/08\/WhatsApp-Image-2021-08-17-at-20.09.26-1024x570.jpeg 1024w, https:\/\/eldiariodesanpedro.com.ar\/sitio\/wp-content\/uploads\/2021\/08\/WhatsApp-Image-2021-08-17-at-20.09.26-300x167.jpeg 300w, https:\/\/eldiariodesanpedro.com.ar\/sitio\/wp-content\/uploads\/2021\/08\/WhatsApp-Image-2021-08-17-at-20.09.26-768x427.jpeg 768w, https:\/\/eldiariodesanpedro.com.ar\/sitio\/wp-content\/uploads\/2021\/08\/WhatsApp-Image-2021-08-17-at-20.09.26.jpeg 1280w\" data-sizes=\"(max-width: 1024px) 100vw, 1024px\" src=\"data:image\/svg+xml;base64,PHN2ZyB3aWR0aD0iMSIgaGVpZ2h0PSIxIiB4bWxucz0iaHR0cDovL3d3dy53My5vcmcvMjAwMC9zdmciPjwvc3ZnPg==\" style=\"--smush-placeholder-width: 1024px; --smush-placeholder-aspect-ratio: 1024\/570;\" \/><\/figure>\n\n\n\n<figure class=\"wp-block-image size-large\"><img decoding=\"async\" width=\"1024\" height=\"682\" data-attachment-id=\"97564\" data-permalink=\"https:\/\/eldiariodesanpedro.com.ar\/sitio\/emocionante-inauguracion-de-la-ampliacion-del-jardin-pulgarcito-en-pueblo-doyle\/whatsapp-image-2021-08-17-at-20-09-23-1\/\" data-orig-file=\"https:\/\/eldiariodesanpedro.com.ar\/sitio\/wp-content\/uploads\/2021\/08\/WhatsApp-Image-2021-08-17-at-20.09.23-1.jpeg\" data-orig-size=\"1280,853\" data-comments-opened=\"0\" data-image-meta=\"{&quot;aperture&quot;:&quot;0&quot;,&quot;credit&quot;:&quot;&quot;,&quot;camera&quot;:&quot;&quot;,&quot;caption&quot;:&quot;&quot;,&quot;created_timestamp&quot;:&quot;0&quot;,&quot;copyright&quot;:&quot;&quot;,&quot;focal_length&quot;:&quot;0&quot;,&quot;iso&quot;:&quot;0&quot;,&quot;shutter_speed&quot;:&quot;0&quot;,&quot;title&quot;:&quot;&quot;,&quot;orientation&quot;:&quot;0&quot;}\" data-image-title=\"WhatsApp Image 2021-08-17 at 20.09.23 (1)\" data-image-description=\"\" data-image-caption=\"\" data-large-file=\"https:\/\/eldiariodesanpedro.com.ar\/sitio\/wp-content\/uploads\/2021\/08\/WhatsApp-Image-2021-08-17-at-20.09.23-1-1024x682.jpeg\" data-src=\"https:\/\/eldiariodesanpedro.com.ar\/sitio\/wp-content\/uploads\/2021\/08\/WhatsApp-Image-2021-08-17-at-20.09.23-1-1024x682.jpeg\" alt=\"\" class=\"wp-image-97564 lazyload\" data-srcset=\"https:\/\/eldiariodesanpedro.com.ar\/sitio\/wp-content\/uploads\/2021\/08\/WhatsApp-Image-2021-08-17-at-20.09.23-1-1024x682.jpeg 1024w, https:\/\/eldiariodesanpedro.com.ar\/sitio\/wp-content\/uploads\/2021\/08\/WhatsApp-Image-2021-08-17-at-20.09.23-1-300x200.jpeg 300w, https:\/\/eldiariodesanpedro.com.ar\/sitio\/wp-content\/uploads\/2021\/08\/WhatsApp-Image-2021-08-17-at-20.09.23-1-768x512.jpeg 768w, https:\/\/eldiariodesanpedro.com.ar\/sitio\/wp-content\/uploads\/2021\/08\/WhatsApp-Image-2021-08-17-at-20.09.23-1.jpeg 1280w\" data-sizes=\"(max-width: 1024px) 100vw, 1024px\" src=\"data:image\/svg+xml;base64,PHN2ZyB3aWR0aD0iMSIgaGVpZ2h0PSIxIiB4bWxucz0iaHR0cDovL3d3dy53My5vcmcvMjAwMC9zdmciPjwvc3ZnPg==\" style=\"--smush-placeholder-width: 1024px; --smush-placeholder-aspect-ratio: 1024\/682;\" \/><\/figure>\n\n\n\n<figure class=\"wp-block-image size-large\"><img decoding=\"async\" width=\"1024\" height=\"646\" data-attachment-id=\"97563\" data-permalink=\"https:\/\/eldiariodesanpedro.com.ar\/sitio\/emocionante-inauguracion-de-la-ampliacion-del-jardin-pulgarcito-en-pueblo-doyle\/whatsapp-image-2021-08-17-at-20-09-22\/\" data-orig-file=\"https:\/\/eldiariodesanpedro.com.ar\/sitio\/wp-content\/uploads\/2021\/08\/WhatsApp-Image-2021-08-17-at-20.09.22.jpeg\" data-orig-size=\"1280,807\" data-comments-opened=\"0\" data-image-meta=\"{&quot;aperture&quot;:&quot;0&quot;,&quot;credit&quot;:&quot;&quot;,&quot;camera&quot;:&quot;&quot;,&quot;caption&quot;:&quot;&quot;,&quot;created_timestamp&quot;:&quot;0&quot;,&quot;copyright&quot;:&quot;&quot;,&quot;focal_length&quot;:&quot;0&quot;,&quot;iso&quot;:&quot;0&quot;,&quot;shutter_speed&quot;:&quot;0&quot;,&quot;title&quot;:&quot;&quot;,&quot;orientation&quot;:&quot;0&quot;}\" data-image-title=\"WhatsApp Image 2021-08-17 at 20.09.22\" data-image-description=\"\" data-image-caption=\"\" data-large-file=\"https:\/\/eldiariodesanpedro.com.ar\/sitio\/wp-content\/uploads\/2021\/08\/WhatsApp-Image-2021-08-17-at-20.09.22-1024x646.jpeg\" data-src=\"https:\/\/eldiariodesanpedro.com.ar\/sitio\/wp-content\/uploads\/2021\/08\/WhatsApp-Image-2021-08-17-at-20.09.22-1024x646.jpeg\" alt=\"\" class=\"wp-image-97563 lazyload\" data-srcset=\"https:\/\/eldiariodesanpedro.com.ar\/sitio\/wp-content\/uploads\/2021\/08\/WhatsApp-Image-2021-08-17-at-20.09.22-1024x646.jpeg 1024w, https:\/\/eldiariodesanpedro.com.ar\/sitio\/wp-content\/uploads\/2021\/08\/WhatsApp-Image-2021-08-17-at-20.09.22-300x189.jpeg 300w, https:\/\/eldiariodesanpedro.com.ar\/sitio\/wp-content\/uploads\/2021\/08\/WhatsApp-Image-2021-08-17-at-20.09.22-768x484.jpeg 768w, https:\/\/eldiariodesanpedro.com.ar\/sitio\/wp-content\/uploads\/2021\/08\/WhatsApp-Image-2021-08-17-at-20.09.22.jpeg 1280w\" data-sizes=\"(max-width: 1024px) 100vw, 1024px\" src=\"data:image\/svg+xml;base64,PHN2ZyB3aWR0aD0iMSIgaGVpZ2h0PSIxIiB4bWxucz0iaHR0cDovL3d3dy53My5vcmcvMjAwMC9zdmciPjwvc3ZnPg==\" style=\"--smush-placeholder-width: 1024px; --smush-placeholder-aspect-ratio: 1024\/646;\" \/><\/figure>\n","protected":false},"excerpt":{"rendered":"<p>Este mediod\u00eda en Pueblo Doyle, quedaron oficialmente inauguradas las obras de ampliaci\u00f3n del Jard\u00edn Municipal \u00abPulgarcito\u00bb. El Intendente Cecilio Salazar, funcionarios del gobierno y autoridades educativas fueron parte de este esperado acto, luego de varias visitas en las que se fue corroborando el avance a paso firme de la obra coordinada desde la Secretar\u00eda de [&hellip;]<\/p>\n","protected":false},"author":4,"featured_media":97566,"comment_status":"closed","ping_status":"closed","sticky":false,"template":"","format":"standard","meta":{"om_disable_all_campaigns":false,"_jetpack_memberships_contains_paid_content":false,"footnotes":""},"categories":[50,101,2],"tags":[],"class_list":["post-97562","post","type-post","status-publish","format-standard","has-post-thumbnail","hentry","category-destacadas","category-interes-general-locales","category-locales"],"aioseo_notices":[],"gutentor_comment":0,"jetpack_featured_media_url":"https:\/\/eldiariodesanpedro.com.ar\/sitio\/wp-content\/uploads\/2021\/08\/WhatsApp-Image-2021-08-17-at-20.09.24.jpeg","jetpack_shortlink":"https:\/\/wp.me\/p6RhLt-pnA","jetpack_sharing_enabled":true,"_links":{"self":[{"href":"https:\/\/eldiariodesanpedro.com.ar\/sitio\/wp-json\/wp\/v2\/posts\/97562","targetHints":{"allow":["GET"]}}],"collection":[{"href":"https:\/\/eldiariodesanpedro.com.ar\/sitio\/wp-json\/wp\/v2\/posts"}],"about":[{"href":"https:\/\/eldiariodesanpedro.com.ar\/sitio\/wp-json\/wp\/v2\/types\/post"}],"author":[{"embeddable":true,"href":"https:\/\/eldiariodesanpedro.com.ar\/sitio\/wp-json\/wp\/v2\/users\/4"}],"replies":[{"embeddable":true,"href":"https:\/\/eldiariodesanpedro.com.ar\/sitio\/wp-json\/wp\/v2\/comments?post=97562"}],"version-history":[{"count":1,"href":"https:\/\/eldiariodesanpedro.com.ar\/sitio\/wp-json\/wp\/v2\/posts\/97562\/revisions"}],"predecessor-version":[{"id":97570,"href":"https:\/\/eldiariodesanpedro.com.ar\/sitio\/wp-json\/wp\/v2\/posts\/97562\/revisions\/97570"}],"wp:featuredmedia":[{"embeddable":true,"href":"https:\/\/eldiariodesanpedro.com.ar\/sitio\/wp-json\/wp\/v2\/media\/97566"}],"wp:attachment":[{"href":"https:\/\/eldiariodesanpedro.com.ar\/sitio\/wp-json\/wp\/v2\/media?parent=97562"}],"wp:term":[{"taxonomy":"category","embeddable":true,"href":"https:\/\/eldiariodesanpedro.com.ar\/sitio\/wp-json\/wp\/v2\/categories?post=97562"},{"taxonomy":"post_tag","embeddable":true,"href":"https:\/\/eldiariodesanpedro.com.ar\/sitio\/wp-json\/wp\/v2\/tags?post=97562"}],"curies":[{"name":"wp","href":"https:\/\/api.w.org\/{rel}","templated":true}]}}