{"id":97553,"date":"2021-08-17T22:00:42","date_gmt":"2021-08-18T01:00:42","guid":{"rendered":"https:\/\/eldiariodesanpedro.com.ar\/sitio\/?p=97553"},"modified":"2021-08-17T22:00:46","modified_gmt":"2021-08-18T01:00:46","slug":"homenaje-a-san-martin-en-santa-lucia","status":"publish","type":"post","link":"https:\/\/eldiariodesanpedro.com.ar\/sitio\/homenaje-a-san-martin-en-santa-lucia\/","title":{"rendered":"Homenaje a San Mart\u00edn en Santa Luc\u00eda"},"content":{"rendered":"<!-- VideographyWP Plugin Message: Automatic video embedding prevented by plugin options. -->\n\n<p>Frente a la Delegaci\u00f3n Municipal, esta ma\u00f1ana se llev\u00f3 a cabo el acto en conmemoraci\u00f3n por el 171\u00b0 aniversario del paso a la inmortalidad del General Jos\u00e9 de San Mart\u00edn en la localidad de Santa Luc\u00eda, que volvi\u00f3 a recibir este acto cumpliendo con todos los protocolos de cuidado.<\/p>\n\n\n\n<p>La jornada comenz\u00f3 con el izamiento del pabell\u00f3n nacional, a cargo del Intendente Cecilio Salazar y el Delegado Municipal Luciano Juhant. Posteriormente el propio Jefe Comunal, en conjunto con Ezequiel Fuchs representante de la asociaci\u00f3n Sanmartiniana, tuvieron a cargo la colocaci\u00f3n de la ofrenda floral en el monumento ubicado en la plaza que lleva su nombre.<\/p>\n\n\n\n<p>Participaron adem\u00e1s del Intendente Cecilio Salazar, los Secretarios de Coordinaci\u00f3n Ram\u00f3n Salazar, de Turismo y Cultura Marcela Cu\u00f1er, de Servicios P\u00fablicos Ariel \u00c1lvarez, Desarrollo Econ\u00f3mico Alfredo Carrasco, de Salud Daniel Creus, el Secretario de Desarrollo Humano Walter S\u00e1nchez, adem\u00e1s del Delegado Municipal de la localidad de Santa Luc\u00eda Luciano Juhant, representantes de las instituciones de Bomberos, Polic\u00eda, Veteranos de Malvinas, la Asociaci\u00f3n Sanmartiniana, representantes del Museo del Centenario de Santa Lucia y alumnos de los establecimientos educativos de la localidad.<\/p>\n\n\n\n<p>En su mensaje, el Intendente remarc\u00f3 la importancia de una base de unidad y esfuerzo compartido, y volvi\u00f3 a comprometerse con los vecinos de la localidad para ir concretando todos los proyectos que se gestionan desde hace tiempo.<\/p>\n\n\n\n<p>Como cierre del acto, sin la posibilidad de contar con un desfile como en otras oportunidades, brindaron espect\u00e1culos alusivos H\u00e9ctor Fermani, los alumnos del taller de baile \u201cAmor y pasi\u00f3n por el tango\u201d y las pe\u00f1as \u201cEl fog\u00f3n\u201d y \u201cCoraz\u00f3n de mi pueblo\u201d.<\/p>\n\n\n\n<figure class=\"wp-block-image size-large\"><img decoding=\"async\" width=\"1024\" height=\"654\" data-attachment-id=\"97554\" data-permalink=\"https:\/\/eldiariodesanpedro.com.ar\/sitio\/homenaje-a-san-martin-en-santa-lucia\/whatsapp-image-2021-08-17-at-18-44-50\/\" data-orig-file=\"https:\/\/eldiariodesanpedro.com.ar\/sitio\/wp-content\/uploads\/2021\/08\/WhatsApp-Image-2021-08-17-at-18.44.50.jpeg\" data-orig-size=\"1280,818\" data-comments-opened=\"0\" data-image-meta=\"{&quot;aperture&quot;:&quot;0&quot;,&quot;credit&quot;:&quot;&quot;,&quot;camera&quot;:&quot;&quot;,&quot;caption&quot;:&quot;&quot;,&quot;created_timestamp&quot;:&quot;0&quot;,&quot;copyright&quot;:&quot;&quot;,&quot;focal_length&quot;:&quot;0&quot;,&quot;iso&quot;:&quot;0&quot;,&quot;shutter_speed&quot;:&quot;0&quot;,&quot;title&quot;:&quot;&quot;,&quot;orientation&quot;:&quot;0&quot;}\" data-image-title=\"WhatsApp Image 2021-08-17 at 18.44.50\" data-image-description=\"\" data-image-caption=\"\" data-large-file=\"https:\/\/eldiariodesanpedro.com.ar\/sitio\/wp-content\/uploads\/2021\/08\/WhatsApp-Image-2021-08-17-at-18.44.50-1024x654.jpeg\" data-src=\"https:\/\/eldiariodesanpedro.com.ar\/sitio\/wp-content\/uploads\/2021\/08\/WhatsApp-Image-2021-08-17-at-18.44.50-1024x654.jpeg\" alt=\"\" class=\"wp-image-97554 lazyload\" data-srcset=\"https:\/\/eldiariodesanpedro.com.ar\/sitio\/wp-content\/uploads\/2021\/08\/WhatsApp-Image-2021-08-17-at-18.44.50-1024x654.jpeg 1024w, https:\/\/eldiariodesanpedro.com.ar\/sitio\/wp-content\/uploads\/2021\/08\/WhatsApp-Image-2021-08-17-at-18.44.50-300x192.jpeg 300w, https:\/\/eldiariodesanpedro.com.ar\/sitio\/wp-content\/uploads\/2021\/08\/WhatsApp-Image-2021-08-17-at-18.44.50-768x491.jpeg 768w, https:\/\/eldiariodesanpedro.com.ar\/sitio\/wp-content\/uploads\/2021\/08\/WhatsApp-Image-2021-08-17-at-18.44.50.jpeg 1280w\" data-sizes=\"(max-width: 1024px) 100vw, 1024px\" src=\"data:image\/svg+xml;base64,PHN2ZyB3aWR0aD0iMSIgaGVpZ2h0PSIxIiB4bWxucz0iaHR0cDovL3d3dy53My5vcmcvMjAwMC9zdmciPjwvc3ZnPg==\" style=\"--smush-placeholder-width: 1024px; --smush-placeholder-aspect-ratio: 1024\/654;\" \/><\/figure>\n\n\n\n<figure class=\"wp-block-image size-large\"><img decoding=\"async\" width=\"1024\" height=\"630\" data-attachment-id=\"97556\" data-permalink=\"https:\/\/eldiariodesanpedro.com.ar\/sitio\/homenaje-a-san-martin-en-santa-lucia\/whatsapp-image-2021-08-17-at-18-44-53\/\" data-orig-file=\"https:\/\/eldiariodesanpedro.com.ar\/sitio\/wp-content\/uploads\/2021\/08\/WhatsApp-Image-2021-08-17-at-18.44.53.jpeg\" data-orig-size=\"1280,788\" data-comments-opened=\"0\" data-image-meta=\"{&quot;aperture&quot;:&quot;0&quot;,&quot;credit&quot;:&quot;&quot;,&quot;camera&quot;:&quot;&quot;,&quot;caption&quot;:&quot;&quot;,&quot;created_timestamp&quot;:&quot;0&quot;,&quot;copyright&quot;:&quot;&quot;,&quot;focal_length&quot;:&quot;0&quot;,&quot;iso&quot;:&quot;0&quot;,&quot;shutter_speed&quot;:&quot;0&quot;,&quot;title&quot;:&quot;&quot;,&quot;orientation&quot;:&quot;0&quot;}\" data-image-title=\"WhatsApp Image 2021-08-17 at 18.44.53\" data-image-description=\"\" data-image-caption=\"\" data-large-file=\"https:\/\/eldiariodesanpedro.com.ar\/sitio\/wp-content\/uploads\/2021\/08\/WhatsApp-Image-2021-08-17-at-18.44.53-1024x630.jpeg\" data-src=\"https:\/\/eldiariodesanpedro.com.ar\/sitio\/wp-content\/uploads\/2021\/08\/WhatsApp-Image-2021-08-17-at-18.44.53-1024x630.jpeg\" alt=\"\" class=\"wp-image-97556 lazyload\" data-srcset=\"https:\/\/eldiariodesanpedro.com.ar\/sitio\/wp-content\/uploads\/2021\/08\/WhatsApp-Image-2021-08-17-at-18.44.53-1024x630.jpeg 1024w, https:\/\/eldiariodesanpedro.com.ar\/sitio\/wp-content\/uploads\/2021\/08\/WhatsApp-Image-2021-08-17-at-18.44.53-300x185.jpeg 300w, https:\/\/eldiariodesanpedro.com.ar\/sitio\/wp-content\/uploads\/2021\/08\/WhatsApp-Image-2021-08-17-at-18.44.53-768x473.jpeg 768w, https:\/\/eldiariodesanpedro.com.ar\/sitio\/wp-content\/uploads\/2021\/08\/WhatsApp-Image-2021-08-17-at-18.44.53.jpeg 1280w\" data-sizes=\"(max-width: 1024px) 100vw, 1024px\" src=\"data:image\/svg+xml;base64,PHN2ZyB3aWR0aD0iMSIgaGVpZ2h0PSIxIiB4bWxucz0iaHR0cDovL3d3dy53My5vcmcvMjAwMC9zdmciPjwvc3ZnPg==\" style=\"--smush-placeholder-width: 1024px; --smush-placeholder-aspect-ratio: 1024\/630;\" \/><\/figure>\n\n\n\n<figure class=\"wp-block-image size-large\"><img decoding=\"async\" width=\"1024\" height=\"672\" data-attachment-id=\"97558\" data-permalink=\"https:\/\/eldiariodesanpedro.com.ar\/sitio\/homenaje-a-san-martin-en-santa-lucia\/whatsapp-image-2021-08-17-at-18-44-54\/\" data-orig-file=\"https:\/\/eldiariodesanpedro.com.ar\/sitio\/wp-content\/uploads\/2021\/08\/WhatsApp-Image-2021-08-17-at-18.44.54.jpeg\" data-orig-size=\"1280,840\" data-comments-opened=\"0\" data-image-meta=\"{&quot;aperture&quot;:&quot;0&quot;,&quot;credit&quot;:&quot;&quot;,&quot;camera&quot;:&quot;&quot;,&quot;caption&quot;:&quot;&quot;,&quot;created_timestamp&quot;:&quot;0&quot;,&quot;copyright&quot;:&quot;&quot;,&quot;focal_length&quot;:&quot;0&quot;,&quot;iso&quot;:&quot;0&quot;,&quot;shutter_speed&quot;:&quot;0&quot;,&quot;title&quot;:&quot;&quot;,&quot;orientation&quot;:&quot;0&quot;}\" data-image-title=\"WhatsApp Image 2021-08-17 at 18.44.54\" data-image-description=\"\" data-image-caption=\"\" data-large-file=\"https:\/\/eldiariodesanpedro.com.ar\/sitio\/wp-content\/uploads\/2021\/08\/WhatsApp-Image-2021-08-17-at-18.44.54-1024x672.jpeg\" data-src=\"https:\/\/eldiariodesanpedro.com.ar\/sitio\/wp-content\/uploads\/2021\/08\/WhatsApp-Image-2021-08-17-at-18.44.54-1024x672.jpeg\" alt=\"\" class=\"wp-image-97558 lazyload\" data-srcset=\"https:\/\/eldiariodesanpedro.com.ar\/sitio\/wp-content\/uploads\/2021\/08\/WhatsApp-Image-2021-08-17-at-18.44.54-1024x672.jpeg 1024w, https:\/\/eldiariodesanpedro.com.ar\/sitio\/wp-content\/uploads\/2021\/08\/WhatsApp-Image-2021-08-17-at-18.44.54-300x197.jpeg 300w, https:\/\/eldiariodesanpedro.com.ar\/sitio\/wp-content\/uploads\/2021\/08\/WhatsApp-Image-2021-08-17-at-18.44.54-768x504.jpeg 768w, https:\/\/eldiariodesanpedro.com.ar\/sitio\/wp-content\/uploads\/2021\/08\/WhatsApp-Image-2021-08-17-at-18.44.54.jpeg 1280w\" data-sizes=\"(max-width: 1024px) 100vw, 1024px\" src=\"data:image\/svg+xml;base64,PHN2ZyB3aWR0aD0iMSIgaGVpZ2h0PSIxIiB4bWxucz0iaHR0cDovL3d3dy53My5vcmcvMjAwMC9zdmciPjwvc3ZnPg==\" style=\"--smush-placeholder-width: 1024px; --smush-placeholder-aspect-ratio: 1024\/672;\" \/><\/figure>\n\n\n\n<figure class=\"wp-block-image size-large\"><img decoding=\"async\" width=\"666\" height=\"1024\" data-attachment-id=\"97559\" data-permalink=\"https:\/\/eldiariodesanpedro.com.ar\/sitio\/homenaje-a-san-martin-en-santa-lucia\/whatsapp-image-2021-08-17-at-18-44-56-1\/\" data-orig-file=\"https:\/\/eldiariodesanpedro.com.ar\/sitio\/wp-content\/uploads\/2021\/08\/WhatsApp-Image-2021-08-17-at-18.44.56-1.jpeg\" data-orig-size=\"832,1280\" data-comments-opened=\"0\" data-image-meta=\"{&quot;aperture&quot;:&quot;0&quot;,&quot;credit&quot;:&quot;&quot;,&quot;camera&quot;:&quot;&quot;,&quot;caption&quot;:&quot;&quot;,&quot;created_timestamp&quot;:&quot;0&quot;,&quot;copyright&quot;:&quot;&quot;,&quot;focal_length&quot;:&quot;0&quot;,&quot;iso&quot;:&quot;0&quot;,&quot;shutter_speed&quot;:&quot;0&quot;,&quot;title&quot;:&quot;&quot;,&quot;orientation&quot;:&quot;0&quot;}\" data-image-title=\"WhatsApp Image 2021-08-17 at 18.44.56 (1)\" data-image-description=\"\" data-image-caption=\"\" data-large-file=\"https:\/\/eldiariodesanpedro.com.ar\/sitio\/wp-content\/uploads\/2021\/08\/WhatsApp-Image-2021-08-17-at-18.44.56-1-666x1024.jpeg\" data-src=\"https:\/\/eldiariodesanpedro.com.ar\/sitio\/wp-content\/uploads\/2021\/08\/WhatsApp-Image-2021-08-17-at-18.44.56-1-666x1024.jpeg\" alt=\"\" class=\"wp-image-97559 lazyload\" data-srcset=\"https:\/\/eldiariodesanpedro.com.ar\/sitio\/wp-content\/uploads\/2021\/08\/WhatsApp-Image-2021-08-17-at-18.44.56-1-666x1024.jpeg 666w, https:\/\/eldiariodesanpedro.com.ar\/sitio\/wp-content\/uploads\/2021\/08\/WhatsApp-Image-2021-08-17-at-18.44.56-1-195x300.jpeg 195w, https:\/\/eldiariodesanpedro.com.ar\/sitio\/wp-content\/uploads\/2021\/08\/WhatsApp-Image-2021-08-17-at-18.44.56-1-768x1182.jpeg 768w, https:\/\/eldiariodesanpedro.com.ar\/sitio\/wp-content\/uploads\/2021\/08\/WhatsApp-Image-2021-08-17-at-18.44.56-1.jpeg 832w\" data-sizes=\"(max-width: 666px) 100vw, 666px\" src=\"data:image\/svg+xml;base64,PHN2ZyB3aWR0aD0iMSIgaGVpZ2h0PSIxIiB4bWxucz0iaHR0cDovL3d3dy53My5vcmcvMjAwMC9zdmciPjwvc3ZnPg==\" style=\"--smush-placeholder-width: 666px; --smush-placeholder-aspect-ratio: 666\/1024;\" \/><\/figure>\n","protected":false},"excerpt":{"rendered":"<p>Frente a la Delegaci\u00f3n Municipal, esta ma\u00f1ana se llev\u00f3 a cabo el acto en conmemoraci\u00f3n por el 171\u00b0 aniversario del paso a la inmortalidad del General Jos\u00e9 de San Mart\u00edn en la localidad de Santa Luc\u00eda, que volvi\u00f3 a recibir este acto cumpliendo con todos los protocolos de cuidado. La jornada comenz\u00f3 con el izamiento [&hellip;]<\/p>\n","protected":false},"author":4,"featured_media":97560,"comment_status":"closed","ping_status":"closed","sticky":false,"template":"","format":"standard","meta":{"om_disable_all_campaigns":false,"_jetpack_memberships_contains_paid_content":false,"footnotes":""},"categories":[50,101,2],"tags":[],"class_list":["post-97553","post","type-post","status-publish","format-standard","has-post-thumbnail","hentry","category-destacadas","category-interes-general-locales","category-locales"],"aioseo_notices":[],"gutentor_comment":0,"jetpack_featured_media_url":"https:\/\/eldiariodesanpedro.com.ar\/sitio\/wp-content\/uploads\/2021\/08\/WhatsApp-Image-2021-08-17-at-18.44.56.jpeg","jetpack_shortlink":"https:\/\/wp.me\/p6RhLt-pnr","jetpack_sharing_enabled":true,"_links":{"self":[{"href":"https:\/\/eldiariodesanpedro.com.ar\/sitio\/wp-json\/wp\/v2\/posts\/97553","targetHints":{"allow":["GET"]}}],"collection":[{"href":"https:\/\/eldiariodesanpedro.com.ar\/sitio\/wp-json\/wp\/v2\/posts"}],"about":[{"href":"https:\/\/eldiariodesanpedro.com.ar\/sitio\/wp-json\/wp\/v2\/types\/post"}],"author":[{"embeddable":true,"href":"https:\/\/eldiariodesanpedro.com.ar\/sitio\/wp-json\/wp\/v2\/users\/4"}],"replies":[{"embeddable":true,"href":"https:\/\/eldiariodesanpedro.com.ar\/sitio\/wp-json\/wp\/v2\/comments?post=97553"}],"version-history":[{"count":1,"href":"https:\/\/eldiariodesanpedro.com.ar\/sitio\/wp-json\/wp\/v2\/posts\/97553\/revisions"}],"predecessor-version":[{"id":97561,"href":"https:\/\/eldiariodesanpedro.com.ar\/sitio\/wp-json\/wp\/v2\/posts\/97553\/revisions\/97561"}],"wp:featuredmedia":[{"embeddable":true,"href":"https:\/\/eldiariodesanpedro.com.ar\/sitio\/wp-json\/wp\/v2\/media\/97560"}],"wp:attachment":[{"href":"https:\/\/eldiariodesanpedro.com.ar\/sitio\/wp-json\/wp\/v2\/media?parent=97553"}],"wp:term":[{"taxonomy":"category","embeddable":true,"href":"https:\/\/eldiariodesanpedro.com.ar\/sitio\/wp-json\/wp\/v2\/categories?post=97553"},{"taxonomy":"post_tag","embeddable":true,"href":"https:\/\/eldiariodesanpedro.com.ar\/sitio\/wp-json\/wp\/v2\/tags?post=97553"}],"curies":[{"name":"wp","href":"https:\/\/api.w.org\/{rel}","templated":true}]}}