{"id":97550,"date":"2021-08-17T21:52:16","date_gmt":"2021-08-18T00:52:16","guid":{"rendered":"https:\/\/eldiariodesanpedro.com.ar\/sitio\/?p=97550"},"modified":"2021-08-17T21:52:20","modified_gmt":"2021-08-18T00:52:20","slug":"otro-excelente-fin-de-semana-de-movimiento-turistico-y-economico-para-san-pedro","status":"publish","type":"post","link":"https:\/\/eldiariodesanpedro.com.ar\/sitio\/otro-excelente-fin-de-semana-de-movimiento-turistico-y-economico-para-san-pedro\/","title":{"rendered":"Otro excelente fin de semana de movimiento tur\u00edstico y econ\u00f3mico para San Pedro"},"content":{"rendered":"<!-- VideographyWP Plugin Message: Automatic video embedding prevented by plugin options. -->\n\n<p>El tradicional fin de semana largo del Homenaje a San Mart\u00edn, que en San Pedro suele ser uno de los m\u00e1s convocantes del a\u00f1o, volvi\u00f3 a tener una afluencia tur\u00edstica relevante.<\/p>\n\n\n\n<p>Seg\u00fan el relevamiento realizado desde la Secretar\u00eda de Turismo y Cultura con los prestadores que usualmente comparten su informaci\u00f3n, el porcentaje de ocupaci\u00f3n estuvo cerca del 90%, con picos de demanda en la jornada del domingo en la que por momentos la capacidad estuvo agotada.<\/p>\n\n\n\n<p>La recorrida de visitantes por un s\u00f3lo d\u00eda tambi\u00e9n fue muy importante, tanto en San Pedro Ciudad como en la zona de quintas y en Vuelta de Obligado.<\/p>\n\n\n\n<p>Aqu\u00ed los indicadores de movimiento econ\u00f3mico m\u00e1s importantes han estado en el sector de gastronom\u00eda, venta de productos regionales y servicios.<\/p>\n\n\n\n<p>Sin la posibilidad de un evento masivo como siempre ha sido la Fiesta Provincial de la Ensaimada, la Agrupaci\u00f3n Mallorca organiz\u00f3 junto a la Secretar\u00eda de Turismo y Cultura, un programa de televisi\u00f3n que se transmiti\u00f3 adem\u00e1s por el canal de YouTube de la Agrupaci\u00f3n en el que se cont\u00f3 la historia de la ensaimada y se presentaron bailes t\u00edpicos.<\/p>\n\n\n\n<p>Este programa sigue estando disponible en la plataforma digital para que puedan visualizarlo en cualquier momento quienes lo deseen.<\/p>\n\n\n\n<p>De acuerdo a informaci\u00f3n compartida con la C\u00e1mara de Turismo del Centro de Comercio y a los reportes de las entidades comerciales y tur\u00edsticas nacionales el feriado del 17 de agosto moviliz\u00f3 a m\u00e1s de 2 millones de turistas quienes de acuerdo al promedio de gasto estimado, inyectaron en la econom\u00eda nacional m\u00e1s de $ 5.000 millones.<\/p>\n\n\n\n<p>En San Pedro, contin\u00faa el trabajo planificado para ofrecer cada d\u00eda una ciudad m\u00e1s atractiva, esperando los meses en los que todos los fines de semana crece la llegada de visitantes. Una de las acciones ha sido la colocaci\u00f3n de nueva se\u00f1al\u00e9tica en algunas calles de la ciudad confeccionada con mosaicos.<\/p>\n\n\n\n<p>Desde todos los sectores que confluyen en la Secretar\u00eda de Turismo y Cultura se analizan nuevas propuestas y eventos, siempre acompa\u00f1ando las aperturas que se autorizan en sinton\u00eda con la situaci\u00f3n sanitaria.<\/p>\n\n\n\n<p>El pr\u00f3ximo fin de semana largo desde el 8 al 11 de octubre que incluye el viernes 8 un feriado con fines tur\u00edsticos y el lunes 11 el D\u00eda del Respeto a la Diversidad Cultural, que se adelantar\u00e1 desde el 12, la fecha original.<\/p>\n","protected":false},"excerpt":{"rendered":"<p>El tradicional fin de semana largo del Homenaje a San Mart\u00edn, que en San Pedro suele ser uno de los m\u00e1s convocantes del a\u00f1o, volvi\u00f3 a tener una afluencia tur\u00edstica relevante. Seg\u00fan el relevamiento realizado desde la Secretar\u00eda de Turismo y Cultura con los prestadores que usualmente comparten su informaci\u00f3n, el porcentaje de ocupaci\u00f3n estuvo [&hellip;]<\/p>\n","protected":false},"author":4,"featured_media":97551,"comment_status":"closed","ping_status":"closed","sticky":false,"template":"","format":"standard","meta":{"om_disable_all_campaigns":false,"_jetpack_memberships_contains_paid_content":false,"footnotes":""},"categories":[101,2],"tags":[],"class_list":["post-97550","post","type-post","status-publish","format-standard","has-post-thumbnail","hentry","category-interes-general-locales","category-locales"],"aioseo_notices":[],"gutentor_comment":0,"jetpack_featured_media_url":"https:\/\/eldiariodesanpedro.com.ar\/sitio\/wp-content\/uploads\/2021\/08\/WhatsApp-Image-2021-08-17-at-14.27.25.jpeg","jetpack_shortlink":"https:\/\/wp.me\/p6RhLt-pno","jetpack_sharing_enabled":true,"_links":{"self":[{"href":"https:\/\/eldiariodesanpedro.com.ar\/sitio\/wp-json\/wp\/v2\/posts\/97550","targetHints":{"allow":["GET"]}}],"collection":[{"href":"https:\/\/eldiariodesanpedro.com.ar\/sitio\/wp-json\/wp\/v2\/posts"}],"about":[{"href":"https:\/\/eldiariodesanpedro.com.ar\/sitio\/wp-json\/wp\/v2\/types\/post"}],"author":[{"embeddable":true,"href":"https:\/\/eldiariodesanpedro.com.ar\/sitio\/wp-json\/wp\/v2\/users\/4"}],"replies":[{"embeddable":true,"href":"https:\/\/eldiariodesanpedro.com.ar\/sitio\/wp-json\/wp\/v2\/comments?post=97550"}],"version-history":[{"count":1,"href":"https:\/\/eldiariodesanpedro.com.ar\/sitio\/wp-json\/wp\/v2\/posts\/97550\/revisions"}],"predecessor-version":[{"id":97552,"href":"https:\/\/eldiariodesanpedro.com.ar\/sitio\/wp-json\/wp\/v2\/posts\/97550\/revisions\/97552"}],"wp:featuredmedia":[{"embeddable":true,"href":"https:\/\/eldiariodesanpedro.com.ar\/sitio\/wp-json\/wp\/v2\/media\/97551"}],"wp:attachment":[{"href":"https:\/\/eldiariodesanpedro.com.ar\/sitio\/wp-json\/wp\/v2\/media?parent=97550"}],"wp:term":[{"taxonomy":"category","embeddable":true,"href":"https:\/\/eldiariodesanpedro.com.ar\/sitio\/wp-json\/wp\/v2\/categories?post=97550"},{"taxonomy":"post_tag","embeddable":true,"href":"https:\/\/eldiariodesanpedro.com.ar\/sitio\/wp-json\/wp\/v2\/tags?post=97550"}],"curies":[{"name":"wp","href":"https:\/\/api.w.org\/{rel}","templated":true}]}}