{"id":97527,"date":"2021-08-17T13:41:08","date_gmt":"2021-08-17T16:41:08","guid":{"rendered":"https:\/\/eldiariodesanpedro.com.ar\/sitio\/?p=97527"},"modified":"2021-08-17T14:09:50","modified_gmt":"2021-08-17T17:09:50","slug":"un-mujer-empujada-de-su-bicicleta-por-una-pareja-en-motocicleta-que-se-dio-a-la-fuga","status":"publish","type":"post","link":"https:\/\/eldiariodesanpedro.com.ar\/sitio\/un-mujer-empujada-de-su-bicicleta-por-una-pareja-en-motocicleta-que-se-dio-a-la-fuga\/","title":{"rendered":"Un mujer empujada de su bicicleta por una pareja en motocicleta que se dio a la fuga"},"content":{"rendered":"<!-- VideographyWP Plugin Message: Automatic video embedding prevented by plugin options. -->\n\n<p>En la jornada de ayer se recibi\u00f3 la denuncia por parte de una joven mujer que fue volteada intencionalmente de su bicicleta por una persona que se dirig\u00eda en moto y luego se dio a la fuga.<\/p>\n\n\n\n<p>El hecho tuvo lugar el lunes alrededor de las 21 hs cuando la denunciante una joven de 19 a\u00f1os de edad que circulaba en bicicleta por calle Mitre entre Beaumont y Benito Urraco es interceptada por una motocicleta 110 cc conducida por un joven acompa\u00f1ada de otra mujer quienes la empujaron y la hacen caer a la cinta asf\u00e1ltica provocando lesiones leves d\u00e1ndose a la fuga los agresores.<\/p>\n\n\n\n<p><strong>PUBLICIDAD ELECTORAL<\/strong><\/p>\n\n\n\n<figure class=\"wp-block-video\"><video height=\"352\" style=\"aspect-ratio: 640 \/ 352;\" width=\"640\" controls src=\"https:\/\/eldiariodesanpedro.com.ar\/sitio\/wp-content\/uploads\/2021\/08\/WhatsApp-Video-2021-08-17-at-10.22.34.mp4\"><\/video><\/figure>\n","protected":false},"excerpt":{"rendered":"<p>En la jornada de ayer se recibi\u00f3 la denuncia por parte de una joven mujer que fue volteada intencionalmente de su bicicleta por una persona que se dirig\u00eda en moto y luego se dio a la fuga. El hecho tuvo lugar el lunes alrededor de las 21 hs cuando la denunciante una joven de 19 [&hellip;]<\/p>\n","protected":false},"author":4,"featured_media":66938,"comment_status":"closed","ping_status":"closed","sticky":false,"template":"","format":"standard","meta":{"om_disable_all_campaigns":false,"_jetpack_memberships_contains_paid_content":false,"footnotes":""},"categories":[2,103],"tags":[],"class_list":["post-97527","post","type-post","status-publish","format-standard","has-post-thumbnail","hentry","category-locales","category-policiales-locales"],"aioseo_notices":[],"gutentor_comment":0,"jetpack_featured_media_url":"https:\/\/eldiariodesanpedro.com.ar\/sitio\/wp-content\/uploads\/2020\/01\/guardia-san-pedro-poli.jpg","jetpack_shortlink":"https:\/\/wp.me\/p6RhLt-pn1","jetpack_sharing_enabled":true,"_links":{"self":[{"href":"https:\/\/eldiariodesanpedro.com.ar\/sitio\/wp-json\/wp\/v2\/posts\/97527","targetHints":{"allow":["GET"]}}],"collection":[{"href":"https:\/\/eldiariodesanpedro.com.ar\/sitio\/wp-json\/wp\/v2\/posts"}],"about":[{"href":"https:\/\/eldiariodesanpedro.com.ar\/sitio\/wp-json\/wp\/v2\/types\/post"}],"author":[{"embeddable":true,"href":"https:\/\/eldiariodesanpedro.com.ar\/sitio\/wp-json\/wp\/v2\/users\/4"}],"replies":[{"embeddable":true,"href":"https:\/\/eldiariodesanpedro.com.ar\/sitio\/wp-json\/wp\/v2\/comments?post=97527"}],"version-history":[{"count":3,"href":"https:\/\/eldiariodesanpedro.com.ar\/sitio\/wp-json\/wp\/v2\/posts\/97527\/revisions"}],"predecessor-version":[{"id":97538,"href":"https:\/\/eldiariodesanpedro.com.ar\/sitio\/wp-json\/wp\/v2\/posts\/97527\/revisions\/97538"}],"wp:featuredmedia":[{"embeddable":true,"href":"https:\/\/eldiariodesanpedro.com.ar\/sitio\/wp-json\/wp\/v2\/media\/66938"}],"wp:attachment":[{"href":"https:\/\/eldiariodesanpedro.com.ar\/sitio\/wp-json\/wp\/v2\/media?parent=97527"}],"wp:term":[{"taxonomy":"category","embeddable":true,"href":"https:\/\/eldiariodesanpedro.com.ar\/sitio\/wp-json\/wp\/v2\/categories?post=97527"},{"taxonomy":"post_tag","embeddable":true,"href":"https:\/\/eldiariodesanpedro.com.ar\/sitio\/wp-json\/wp\/v2\/tags?post=97527"}],"curies":[{"name":"wp","href":"https:\/\/api.w.org\/{rel}","templated":true}]}}