{"id":97525,"date":"2021-08-17T12:24:28","date_gmt":"2021-08-17T15:24:28","guid":{"rendered":"https:\/\/eldiariodesanpedro.com.ar\/sitio\/?p=97525"},"modified":"2021-08-17T14:09:56","modified_gmt":"2021-08-17T17:09:56","slug":"iba-con-su-familia-en-automovil-y-otro-ciudadano-en-vehiculo-lo-impacto-desde-atras-a-proposito","status":"publish","type":"post","link":"https:\/\/eldiariodesanpedro.com.ar\/sitio\/iba-con-su-familia-en-automovil-y-otro-ciudadano-en-vehiculo-lo-impacto-desde-atras-a-proposito\/","title":{"rendered":"Iba con su familia en autom\u00f3vil y otro ciudadano en veh\u00edculo lo impact\u00f3 desde atr\u00e1s a prop\u00f3sito"},"content":{"rendered":"<!-- VideographyWP Plugin Message: Automatic video embedding prevented by plugin options. -->\n\n<p>Ayer en la comisar\u00eda de nuestra ciudad se recibi\u00f3 la denuncia de un ciudadano que sufri\u00f3 un choque intencional en su autom\u00f3vil por parte de otro con quien tiene problemas de larga data, aparte de recibir amenazas de muerte.<\/p>\n\n\n\n<p>El hecho denunciado ayer ocurri\u00f3 alrededor de las 13 hs de este viernes cuando un ciudadano de 33 a\u00f1os de edad que circulaba con su familia en autom\u00f3vil al llegar a calle Casella y Hermano Indio es impactado por otro autom\u00f3vil en la parte trasera y luego se le pone a la par donde la v\u00edctima reconoce al otro conductor con quien posee inconvenientes de vieja data, quien adem\u00e1s profiere amenazas de muerte, para luego darse a la fuga.<\/p>\n\n\n\n<p>PUBLICIDAD ELECTORAL<\/p>\n\n\n\n<figure class=\"wp-block-video\"><video height=\"352\" style=\"aspect-ratio: 640 \/ 352;\" width=\"640\" autoplay controls src=\"https:\/\/eldiariodesanpedro.com.ar\/sitio\/wp-content\/uploads\/2021\/08\/WhatsApp-Video-2021-08-17-at-10.22.34.mp4\"><\/video><\/figure>\n","protected":false},"excerpt":{"rendered":"<p>Ayer en la comisar\u00eda de nuestra ciudad se recibi\u00f3 la denuncia de un ciudadano que sufri\u00f3 un choque intencional en su autom\u00f3vil por parte de otro con quien tiene problemas de larga data, aparte de recibir amenazas de muerte. El hecho denunciado ayer ocurri\u00f3 alrededor de las 13 hs de este viernes cuando un ciudadano [&hellip;]<\/p>\n","protected":false},"author":4,"featured_media":45394,"comment_status":"closed","ping_status":"closed","sticky":false,"template":"","format":"standard","meta":{"om_disable_all_campaigns":false,"_jetpack_memberships_contains_paid_content":false,"footnotes":""},"categories":[2,103],"tags":[],"class_list":["post-97525","post","type-post","status-publish","format-standard","has-post-thumbnail","hentry","category-locales","category-policiales-locales"],"aioseo_notices":[],"gutentor_comment":0,"jetpack_featured_media_url":"https:\/\/eldiariodesanpedro.com.ar\/sitio\/wp-content\/uploads\/2019\/01\/comisaria.jpg","jetpack_shortlink":"https:\/\/wp.me\/p6RhLt-pmZ","jetpack_sharing_enabled":true,"_links":{"self":[{"href":"https:\/\/eldiariodesanpedro.com.ar\/sitio\/wp-json\/wp\/v2\/posts\/97525","targetHints":{"allow":["GET"]}}],"collection":[{"href":"https:\/\/eldiariodesanpedro.com.ar\/sitio\/wp-json\/wp\/v2\/posts"}],"about":[{"href":"https:\/\/eldiariodesanpedro.com.ar\/sitio\/wp-json\/wp\/v2\/types\/post"}],"author":[{"embeddable":true,"href":"https:\/\/eldiariodesanpedro.com.ar\/sitio\/wp-json\/wp\/v2\/users\/4"}],"replies":[{"embeddable":true,"href":"https:\/\/eldiariodesanpedro.com.ar\/sitio\/wp-json\/wp\/v2\/comments?post=97525"}],"version-history":[{"count":2,"href":"https:\/\/eldiariodesanpedro.com.ar\/sitio\/wp-json\/wp\/v2\/posts\/97525\/revisions"}],"predecessor-version":[{"id":97539,"href":"https:\/\/eldiariodesanpedro.com.ar\/sitio\/wp-json\/wp\/v2\/posts\/97525\/revisions\/97539"}],"wp:featuredmedia":[{"embeddable":true,"href":"https:\/\/eldiariodesanpedro.com.ar\/sitio\/wp-json\/wp\/v2\/media\/45394"}],"wp:attachment":[{"href":"https:\/\/eldiariodesanpedro.com.ar\/sitio\/wp-json\/wp\/v2\/media?parent=97525"}],"wp:term":[{"taxonomy":"category","embeddable":true,"href":"https:\/\/eldiariodesanpedro.com.ar\/sitio\/wp-json\/wp\/v2\/categories?post=97525"},{"taxonomy":"post_tag","embeddable":true,"href":"https:\/\/eldiariodesanpedro.com.ar\/sitio\/wp-json\/wp\/v2\/tags?post=97525"}],"curies":[{"name":"wp","href":"https:\/\/api.w.org\/{rel}","templated":true}]}}