{"id":97522,"date":"2021-08-17T11:25:23","date_gmt":"2021-08-17T14:25:23","guid":{"rendered":"https:\/\/eldiariodesanpedro.com.ar\/sitio\/?p=97522"},"modified":"2021-08-17T14:07:49","modified_gmt":"2021-08-17T17:07:49","slug":"robaron-una-estanciera-estacionada-en-la-via-publica","status":"publish","type":"post","link":"https:\/\/eldiariodesanpedro.com.ar\/sitio\/robaron-una-estanciera-estacionada-en-la-via-publica\/","title":{"rendered":"Robaron una estanciera estacionada en la v\u00eda p\u00fablica"},"content":{"rendered":"<!-- VideographyWP Plugin Message: Automatic video embedding prevented by plugin options. -->\n\n<p>Una estanciera estacionada en la v\u00eda p\u00fablica fue robada este lunes por delincuentes desconocidos.&nbsp;<\/p>\n\n\n\n<p>Su propietario, el profesor Diego Bennazar, confirm\u00f3 que el veh\u00edculo estaba en Pellegrini al 2100.&nbsp;<\/p>\n\n\n\n<p>La denuncia fue radicada esta misma noche, y el damnificado pidi\u00f3 ayuda a trav\u00e9s de las redes sociales para dar con la camioneta.\u00a0<\/p>\n\n\n\n<p>PUBLICIDAD ELECTORAL<\/p>\n\n\n\n<figure class=\"wp-block-video\"><video height=\"1280\" style=\"aspect-ratio: 1024 \/ 1280;\" width=\"1024\" autoplay controls src=\"https:\/\/eldiariodesanpedro.com.ar\/sitio\/wp-content\/uploads\/2021\/08\/LAFALCE-1.mp4\"><\/video><\/figure>\n","protected":false},"excerpt":{"rendered":"<p>Una estanciera estacionada en la v\u00eda p\u00fablica fue robada este lunes por delincuentes desconocidos.&nbsp; Su propietario, el profesor Diego Bennazar, confirm\u00f3 que el veh\u00edculo estaba en Pellegrini al 2100.&nbsp; La denuncia fue radicada esta misma noche, y el damnificado pidi\u00f3 ayuda a trav\u00e9s de las redes sociales para dar con la camioneta.\u00a0 PUBLICIDAD ELECTORAL<\/p>\n","protected":false},"author":4,"featured_media":97523,"comment_status":"closed","ping_status":"closed","sticky":false,"template":"","format":"standard","meta":{"om_disable_all_campaigns":false,"_jetpack_memberships_contains_paid_content":false,"footnotes":""},"categories":[2,103],"tags":[],"class_list":["post-97522","post","type-post","status-publish","format-standard","has-post-thumbnail","hentry","category-locales","category-policiales-locales"],"aioseo_notices":[],"gutentor_comment":0,"jetpack_featured_media_url":"https:\/\/eldiariodesanpedro.com.ar\/sitio\/wp-content\/uploads\/2021\/08\/medida-1-4.jpg","jetpack_shortlink":"https:\/\/wp.me\/p6RhLt-pmW","jetpack_sharing_enabled":true,"_links":{"self":[{"href":"https:\/\/eldiariodesanpedro.com.ar\/sitio\/wp-json\/wp\/v2\/posts\/97522","targetHints":{"allow":["GET"]}}],"collection":[{"href":"https:\/\/eldiariodesanpedro.com.ar\/sitio\/wp-json\/wp\/v2\/posts"}],"about":[{"href":"https:\/\/eldiariodesanpedro.com.ar\/sitio\/wp-json\/wp\/v2\/types\/post"}],"author":[{"embeddable":true,"href":"https:\/\/eldiariodesanpedro.com.ar\/sitio\/wp-json\/wp\/v2\/users\/4"}],"replies":[{"embeddable":true,"href":"https:\/\/eldiariodesanpedro.com.ar\/sitio\/wp-json\/wp\/v2\/comments?post=97522"}],"version-history":[{"count":2,"href":"https:\/\/eldiariodesanpedro.com.ar\/sitio\/wp-json\/wp\/v2\/posts\/97522\/revisions"}],"predecessor-version":[{"id":97534,"href":"https:\/\/eldiariodesanpedro.com.ar\/sitio\/wp-json\/wp\/v2\/posts\/97522\/revisions\/97534"}],"wp:featuredmedia":[{"embeddable":true,"href":"https:\/\/eldiariodesanpedro.com.ar\/sitio\/wp-json\/wp\/v2\/media\/97523"}],"wp:attachment":[{"href":"https:\/\/eldiariodesanpedro.com.ar\/sitio\/wp-json\/wp\/v2\/media?parent=97522"}],"wp:term":[{"taxonomy":"category","embeddable":true,"href":"https:\/\/eldiariodesanpedro.com.ar\/sitio\/wp-json\/wp\/v2\/categories?post=97522"},{"taxonomy":"post_tag","embeddable":true,"href":"https:\/\/eldiariodesanpedro.com.ar\/sitio\/wp-json\/wp\/v2\/tags?post=97522"}],"curies":[{"name":"wp","href":"https:\/\/api.w.org\/{rel}","templated":true}]}}