{"id":97519,"date":"2021-08-17T10:44:26","date_gmt":"2021-08-17T13:44:26","guid":{"rendered":"https:\/\/eldiariodesanpedro.com.ar\/sitio\/?p=97519"},"modified":"2021-08-17T14:08:12","modified_gmt":"2021-08-17T17:08:12","slug":"tras-una-persecucion-de-pelicula-se-recupero-un-automovil-alta-gama-que-habia-sido-robado-en-la-madrugada","status":"publish","type":"post","link":"https:\/\/eldiariodesanpedro.com.ar\/sitio\/tras-una-persecucion-de-pelicula-se-recupero-un-automovil-alta-gama-que-habia-sido-robado-en-la-madrugada\/","title":{"rendered":"Tras una persecuci\u00f3n de pel\u00edcula se recuper\u00f3 un autom\u00f3vil alta gama que hab\u00eda sido robado en la madrugada"},"content":{"rendered":"<!-- VideographyWP Plugin Message: Automatic video embedding prevented by plugin options. -->\n\n<p>El dia de ayer lunes alrededor de las 21 hs el personal policial se hace presente en calle Cruz Roja y Riobamba donde tras persecuci\u00f3n por distintas cuadras de la ciudad se procede al secuestro de autom\u00f3vil Citroen c4 captus modelo 2021 el cual hab\u00eda sido robado en horas de la madrugada en la localidad de Villa L\u00eda en el partido de San Antonio de Areco en un hecho de robo calificado con uso de arma de fuego.<\/p>\n\n\n\n<p>En el hecho los delincuentes abordaron a una familia en el interior de su domicilio a punta de arma de fuego y entre otras pertenencias sustrajeron el autom\u00f3vil, el conductor&nbsp; delincuente se arroj\u00f3 del autom\u00f3vil en movimiento logrando fugarse a la carrera.&nbsp;<\/p>\n\n\n\n<p>El personal de la comisar\u00eda local realiz\u00f3 anoche hasta altas horas, un amplio operativo en la zona del hallazgo del autom\u00f3vil con el fin de dar con el delincuente, sin resultados positivos.&nbsp;<\/p>\n\n\n\n<p>Se profundizan las tareas con el fin de detenerlo y el autom\u00f3vil permanece en el dep\u00f3sito de la comisar\u00eda a disposici\u00f3n de la justicia de Mercedes que investiga el hecho inicial.<\/p>\n\n\n\n<p>PUBLICIDAD ELECTORAL<\/p>\n\n\n\n<figure class=\"wp-block-video\"><video height=\"352\" style=\"aspect-ratio: 640 \/ 352;\" width=\"640\" autoplay controls src=\"https:\/\/eldiariodesanpedro.com.ar\/sitio\/wp-content\/uploads\/2021\/08\/WhatsApp-Video-2021-08-17-at-10.22.34.mp4\"><\/video><\/figure>\n","protected":false},"excerpt":{"rendered":"<p>El dia de ayer lunes alrededor de las 21 hs el personal policial se hace presente en calle Cruz Roja y Riobamba donde tras persecuci\u00f3n por distintas cuadras de la ciudad se procede al secuestro de autom\u00f3vil Citroen c4 captus modelo 2021 el cual hab\u00eda sido robado en horas de la madrugada en la localidad [&hellip;]<\/p>\n","protected":false},"author":4,"featured_media":97520,"comment_status":"closed","ping_status":"closed","sticky":false,"template":"","format":"standard","meta":{"om_disable_all_campaigns":false,"_jetpack_memberships_contains_paid_content":false,"footnotes":""},"categories":[50,2,103],"tags":[],"class_list":["post-97519","post","type-post","status-publish","format-standard","has-post-thumbnail","hentry","category-destacadas","category-locales","category-policiales-locales"],"aioseo_notices":[],"gutentor_comment":0,"jetpack_featured_media_url":"https:\/\/eldiariodesanpedro.com.ar\/sitio\/wp-content\/uploads\/2021\/08\/medida-3.jpg","jetpack_shortlink":"https:\/\/wp.me\/p6RhLt-pmT","jetpack_sharing_enabled":true,"_links":{"self":[{"href":"https:\/\/eldiariodesanpedro.com.ar\/sitio\/wp-json\/wp\/v2\/posts\/97519","targetHints":{"allow":["GET"]}}],"collection":[{"href":"https:\/\/eldiariodesanpedro.com.ar\/sitio\/wp-json\/wp\/v2\/posts"}],"about":[{"href":"https:\/\/eldiariodesanpedro.com.ar\/sitio\/wp-json\/wp\/v2\/types\/post"}],"author":[{"embeddable":true,"href":"https:\/\/eldiariodesanpedro.com.ar\/sitio\/wp-json\/wp\/v2\/users\/4"}],"replies":[{"embeddable":true,"href":"https:\/\/eldiariodesanpedro.com.ar\/sitio\/wp-json\/wp\/v2\/comments?post=97519"}],"version-history":[{"count":2,"href":"https:\/\/eldiariodesanpedro.com.ar\/sitio\/wp-json\/wp\/v2\/posts\/97519\/revisions"}],"predecessor-version":[{"id":97535,"href":"https:\/\/eldiariodesanpedro.com.ar\/sitio\/wp-json\/wp\/v2\/posts\/97519\/revisions\/97535"}],"wp:featuredmedia":[{"embeddable":true,"href":"https:\/\/eldiariodesanpedro.com.ar\/sitio\/wp-json\/wp\/v2\/media\/97520"}],"wp:attachment":[{"href":"https:\/\/eldiariodesanpedro.com.ar\/sitio\/wp-json\/wp\/v2\/media?parent=97519"}],"wp:term":[{"taxonomy":"category","embeddable":true,"href":"https:\/\/eldiariodesanpedro.com.ar\/sitio\/wp-json\/wp\/v2\/categories?post=97519"},{"taxonomy":"post_tag","embeddable":true,"href":"https:\/\/eldiariodesanpedro.com.ar\/sitio\/wp-json\/wp\/v2\/tags?post=97519"}],"curies":[{"name":"wp","href":"https:\/\/api.w.org\/{rel}","templated":true}]}}