{"id":97515,"date":"2021-08-17T10:19:05","date_gmt":"2021-08-17T13:19:05","guid":{"rendered":"https:\/\/eldiariodesanpedro.com.ar\/sitio\/?p=97515"},"modified":"2021-08-17T14:06:10","modified_gmt":"2021-08-17T17:06:10","slug":"se-recuperaron-elementos-robados-dias-atras-en-una-vivienda-de-rio-tala","status":"publish","type":"post","link":"https:\/\/eldiariodesanpedro.com.ar\/sitio\/se-recuperaron-elementos-robados-dias-atras-en-una-vivienda-de-rio-tala\/","title":{"rendered":"Se recuperaron elementos robados dias atras en una vivienda de R\u00edo Tala"},"content":{"rendered":"<!-- VideographyWP Plugin Message: Automatic video embedding prevented by plugin options. -->\n\n<p>Anoche el personal policial en el marco del hecho caratulado de hurto denunciado d\u00edas atr\u00e1s en el destacamento de R\u00edo Tala, ra\u00edz tareas investigativas el personal, diligenci\u00f3 orden de allanamiento solicitado para domicilio Dr. Rojas al 1300 de San Pedro, donde se procede a la identificaci\u00f3n e imputaci\u00f3n de mujer 38 a\u00f1os de edad.&nbsp;<\/p>\n\n\n\n<p>En la diligencia se secuestraron un sill\u00f3n de tres cuerpos, documentaci\u00f3n de la v\u00edctima, una bomba de agua antigua restaurada, un esquinero de metal, un monitor LG, sistemas de c\u00e1maras, dem\u00e1s elementos y otros inter\u00e9s.&nbsp;<\/p>\n\n\n\n<p>El hecho inicial fue denunciado en la localidad de R\u00edo Tala el pasado domingo y ocurrido en ruta 9 km 156, cuando ignorados sin violencia sustrajeron los efectos, en ausencia del morador que se hallaba internado.\u00a0<\/p>\n\n\n\n<p><strong>PUBLICIDAD ELECTORAL<\/strong><\/p>\n\n\n\n<figure class=\"wp-block-video\"><video height=\"1280\" style=\"aspect-ratio: 1024 \/ 1280;\" width=\"1024\" autoplay controls src=\"https:\/\/eldiariodesanpedro.com.ar\/sitio\/wp-content\/uploads\/2021\/08\/LAFALCE-1.mp4\"><\/video><\/figure>\n","protected":false},"excerpt":{"rendered":"<p>Anoche el personal policial en el marco del hecho caratulado de hurto denunciado d\u00edas atr\u00e1s en el destacamento de R\u00edo Tala, ra\u00edz tareas investigativas el personal, diligenci\u00f3 orden de allanamiento solicitado para domicilio Dr. Rojas al 1300 de San Pedro, donde se procede a la identificaci\u00f3n e imputaci\u00f3n de mujer 38 a\u00f1os de edad.&nbsp; En [&hellip;]<\/p>\n","protected":false},"author":4,"featured_media":97517,"comment_status":"closed","ping_status":"closed","sticky":false,"template":"","format":"standard","meta":{"om_disable_all_campaigns":false,"_jetpack_memberships_contains_paid_content":false,"footnotes":""},"categories":[50,2,103],"tags":[],"class_list":["post-97515","post","type-post","status-publish","format-standard","has-post-thumbnail","hentry","category-destacadas","category-locales","category-policiales-locales"],"aioseo_notices":[],"gutentor_comment":0,"jetpack_featured_media_url":"https:\/\/eldiariodesanpedro.com.ar\/sitio\/wp-content\/uploads\/2021\/08\/WhatsApp-Image-2021-08-17-at-09.58.38.jpeg","jetpack_shortlink":"https:\/\/wp.me\/p6RhLt-pmP","jetpack_sharing_enabled":true,"_links":{"self":[{"href":"https:\/\/eldiariodesanpedro.com.ar\/sitio\/wp-json\/wp\/v2\/posts\/97515","targetHints":{"allow":["GET"]}}],"collection":[{"href":"https:\/\/eldiariodesanpedro.com.ar\/sitio\/wp-json\/wp\/v2\/posts"}],"about":[{"href":"https:\/\/eldiariodesanpedro.com.ar\/sitio\/wp-json\/wp\/v2\/types\/post"}],"author":[{"embeddable":true,"href":"https:\/\/eldiariodesanpedro.com.ar\/sitio\/wp-json\/wp\/v2\/users\/4"}],"replies":[{"embeddable":true,"href":"https:\/\/eldiariodesanpedro.com.ar\/sitio\/wp-json\/wp\/v2\/comments?post=97515"}],"version-history":[{"count":3,"href":"https:\/\/eldiariodesanpedro.com.ar\/sitio\/wp-json\/wp\/v2\/posts\/97515\/revisions"}],"predecessor-version":[{"id":97530,"href":"https:\/\/eldiariodesanpedro.com.ar\/sitio\/wp-json\/wp\/v2\/posts\/97515\/revisions\/97530"}],"wp:featuredmedia":[{"embeddable":true,"href":"https:\/\/eldiariodesanpedro.com.ar\/sitio\/wp-json\/wp\/v2\/media\/97517"}],"wp:attachment":[{"href":"https:\/\/eldiariodesanpedro.com.ar\/sitio\/wp-json\/wp\/v2\/media?parent=97515"}],"wp:term":[{"taxonomy":"category","embeddable":true,"href":"https:\/\/eldiariodesanpedro.com.ar\/sitio\/wp-json\/wp\/v2\/categories?post=97515"},{"taxonomy":"post_tag","embeddable":true,"href":"https:\/\/eldiariodesanpedro.com.ar\/sitio\/wp-json\/wp\/v2\/tags?post=97515"}],"curies":[{"name":"wp","href":"https:\/\/api.w.org\/{rel}","templated":true}]}}