{"id":97511,"date":"2021-08-16T19:38:01","date_gmt":"2021-08-16T22:38:01","guid":{"rendered":"https:\/\/eldiariodesanpedro.com.ar\/sitio\/?p=97511"},"modified":"2021-08-16T19:38:05","modified_gmt":"2021-08-16T22:38:05","slug":"una-pareja-fue-agredida-en-una-reconocida-parrilla-por-un-grupo-de-personas","status":"publish","type":"post","link":"https:\/\/eldiariodesanpedro.com.ar\/sitio\/una-pareja-fue-agredida-en-una-reconocida-parrilla-por-un-grupo-de-personas\/","title":{"rendered":"Una pareja fue agredida en una reconocida parrilla por un grupo de personas"},"content":{"rendered":"<!-- VideographyWP Plugin Message: Automatic video embedding prevented by plugin options. -->\n\n<p>En horas de la noche del pasado domingo una pareja denunci\u00f3 que recibieron golpes dentro de una parrilla reconocida de nuestra ciudad por parte de un grupo de personas.<\/p>\n\n\n\n<p>Una mujer de 35 a\u00f1os se acerc\u00f3 a la comisar\u00eda de nuestra ciudad donde realiz\u00f3 la denuncia que momento antes cuando se encontraba en una reconocida parrilla ubicada en calle Lucio mansilla al 900 es agredida f\u00edsicamente por un grupo de mujeres y hombres, en la que tuvo que intervenir la pareja de la v\u00edctima de 27 a\u00f1os quien tambi\u00e9n result\u00f3 agredido y lesionado.<\/p>\n\n\n\n<p>El joven sufri\u00f3 heridas leves y la polic\u00eda investiga el hecho ocurrido.<\/p>\n","protected":false},"excerpt":{"rendered":"<p>En horas de la noche del pasado domingo una pareja denunci\u00f3 que recibieron golpes dentro de una parrilla reconocida de nuestra ciudad por parte de un grupo de personas. Una mujer de 35 a\u00f1os se acerc\u00f3 a la comisar\u00eda de nuestra ciudad donde realiz\u00f3 la denuncia que momento antes cuando se encontraba en una reconocida [&hellip;]<\/p>\n","protected":false},"author":4,"featured_media":45394,"comment_status":"closed","ping_status":"closed","sticky":false,"template":"","format":"standard","meta":{"om_disable_all_campaigns":false,"_jetpack_memberships_contains_paid_content":false,"footnotes":""},"categories":[2,103],"tags":[],"class_list":["post-97511","post","type-post","status-publish","format-standard","has-post-thumbnail","hentry","category-locales","category-policiales-locales"],"aioseo_notices":[],"gutentor_comment":0,"jetpack_featured_media_url":"https:\/\/eldiariodesanpedro.com.ar\/sitio\/wp-content\/uploads\/2019\/01\/comisaria.jpg","jetpack_shortlink":"https:\/\/wp.me\/p6RhLt-pmL","jetpack_sharing_enabled":true,"_links":{"self":[{"href":"https:\/\/eldiariodesanpedro.com.ar\/sitio\/wp-json\/wp\/v2\/posts\/97511","targetHints":{"allow":["GET"]}}],"collection":[{"href":"https:\/\/eldiariodesanpedro.com.ar\/sitio\/wp-json\/wp\/v2\/posts"}],"about":[{"href":"https:\/\/eldiariodesanpedro.com.ar\/sitio\/wp-json\/wp\/v2\/types\/post"}],"author":[{"embeddable":true,"href":"https:\/\/eldiariodesanpedro.com.ar\/sitio\/wp-json\/wp\/v2\/users\/4"}],"replies":[{"embeddable":true,"href":"https:\/\/eldiariodesanpedro.com.ar\/sitio\/wp-json\/wp\/v2\/comments?post=97511"}],"version-history":[{"count":1,"href":"https:\/\/eldiariodesanpedro.com.ar\/sitio\/wp-json\/wp\/v2\/posts\/97511\/revisions"}],"predecessor-version":[{"id":97512,"href":"https:\/\/eldiariodesanpedro.com.ar\/sitio\/wp-json\/wp\/v2\/posts\/97511\/revisions\/97512"}],"wp:featuredmedia":[{"embeddable":true,"href":"https:\/\/eldiariodesanpedro.com.ar\/sitio\/wp-json\/wp\/v2\/media\/45394"}],"wp:attachment":[{"href":"https:\/\/eldiariodesanpedro.com.ar\/sitio\/wp-json\/wp\/v2\/media?parent=97511"}],"wp:term":[{"taxonomy":"category","embeddable":true,"href":"https:\/\/eldiariodesanpedro.com.ar\/sitio\/wp-json\/wp\/v2\/categories?post=97511"},{"taxonomy":"post_tag","embeddable":true,"href":"https:\/\/eldiariodesanpedro.com.ar\/sitio\/wp-json\/wp\/v2\/tags?post=97511"}],"curies":[{"name":"wp","href":"https:\/\/api.w.org\/{rel}","templated":true}]}}