{"id":97504,"date":"2021-08-16T17:26:41","date_gmt":"2021-08-16T20:26:41","guid":{"rendered":"https:\/\/eldiariodesanpedro.com.ar\/sitio\/?p=97504"},"modified":"2021-08-16T17:27:26","modified_gmt":"2021-08-16T20:27:26","slug":"aparecio-un-objeto-que-podria-pertenecer-a-alguna-embarcacion-de-la-batalla-de-obligado","status":"publish","type":"post","link":"https:\/\/eldiariodesanpedro.com.ar\/sitio\/aparecio-un-objeto-que-podria-pertenecer-a-alguna-embarcacion-de-la-batalla-de-obligado\/","title":{"rendered":"Apareci\u00f3 un objeto que podr\u00eda pertenecer a alguna embarcaci\u00f3n de la Batalla de Obligado"},"content":{"rendered":"<!-- VideographyWP Plugin Message: Automatic video embedding prevented by plugin options. -->\n\n<p>El Sr. Guillermo Bast\u00eda, vecino de San Pedro, aviso a las personas encargadas del Museo Pa\u00f1leontologico de la aparici\u00f3n de este objeto en Vuelta de Obligado, producto de la gran bajante. <\/p>\n\n\n\n<p>Aparenta ser un cabrestante de nav\u00edo antiguo, por lo que se dio aviso al municipio local y a la Prefectura Naval Argentina del destacamento de Vuelta de Obligado.<\/p>\n\n\n\n<p>\u00abEsperemos que pueda ser otra pieza importante para el Museo de Sitio Batalla de Obligado que creamos en 2008\u00bb se refirio Jose Luis Aguilar director del Museo.<\/p>\n\n\n\n<p><a href=\"https:\/\/www.facebook.com\/photo\/?fbid=3135515506777528&amp;set=pcb.3135515600110852&amp;__cft__[0]=AZX1-oulh8ti8MmHWh8062jGdvSV7YvmuwWBh3mFS2AzAO4cCCt0ybE5kAcr_EWeH5CufFVTi8sAAT8WYBerg2bXfuhYKxLrvSr9cwEZ8WkXWEkxmNI7E0eiGVdUDd_SchM&amp;__tn__=*bH-R\"><\/a><\/p>\n\n\n\n<figure class=\"wp-block-image size-large\"><img decoding=\"async\" width=\"960\" height=\"540\" data-attachment-id=\"97508\" data-permalink=\"https:\/\/eldiariodesanpedro.com.ar\/sitio\/aparecio-un-objeto-que-podria-pertenecer-a-alguna-embarcacion-de-la-batalla-de-obligado\/234930445_3135515466777532_7442358190860879921_n\/\" data-orig-file=\"https:\/\/eldiariodesanpedro.com.ar\/sitio\/wp-content\/uploads\/2021\/08\/234930445_3135515466777532_7442358190860879921_n.jpg\" data-orig-size=\"960,540\" data-comments-opened=\"0\" data-image-meta=\"{&quot;aperture&quot;:&quot;0&quot;,&quot;credit&quot;:&quot;&quot;,&quot;camera&quot;:&quot;&quot;,&quot;caption&quot;:&quot;&quot;,&quot;created_timestamp&quot;:&quot;0&quot;,&quot;copyright&quot;:&quot;&quot;,&quot;focal_length&quot;:&quot;0&quot;,&quot;iso&quot;:&quot;0&quot;,&quot;shutter_speed&quot;:&quot;0&quot;,&quot;title&quot;:&quot;&quot;,&quot;orientation&quot;:&quot;0&quot;}\" data-image-title=\"234930445_3135515466777532_7442358190860879921_n\" data-image-description=\"\" data-image-caption=\"\" data-large-file=\"https:\/\/eldiariodesanpedro.com.ar\/sitio\/wp-content\/uploads\/2021\/08\/234930445_3135515466777532_7442358190860879921_n.jpg\" data-src=\"https:\/\/eldiariodesanpedro.com.ar\/sitio\/wp-content\/uploads\/2021\/08\/234930445_3135515466777532_7442358190860879921_n.jpg\" alt=\"\" class=\"wp-image-97508 lazyload\" data-srcset=\"https:\/\/eldiariodesanpedro.com.ar\/sitio\/wp-content\/uploads\/2021\/08\/234930445_3135515466777532_7442358190860879921_n.jpg 960w, https:\/\/eldiariodesanpedro.com.ar\/sitio\/wp-content\/uploads\/2021\/08\/234930445_3135515466777532_7442358190860879921_n-300x169.jpg 300w, https:\/\/eldiariodesanpedro.com.ar\/sitio\/wp-content\/uploads\/2021\/08\/234930445_3135515466777532_7442358190860879921_n-768x432.jpg 768w, https:\/\/eldiariodesanpedro.com.ar\/sitio\/wp-content\/uploads\/2021\/08\/234930445_3135515466777532_7442358190860879921_n-800x450.jpg 800w\" data-sizes=\"(max-width: 960px) 100vw, 960px\" src=\"data:image\/svg+xml;base64,PHN2ZyB3aWR0aD0iMSIgaGVpZ2h0PSIxIiB4bWxucz0iaHR0cDovL3d3dy53My5vcmcvMjAwMC9zdmciPjwvc3ZnPg==\" style=\"--smush-placeholder-width: 960px; --smush-placeholder-aspect-ratio: 960\/540;\" \/><\/figure>\n\n\n\n<figure class=\"wp-block-image size-large\"><img decoding=\"async\" width=\"960\" height=\"540\" data-attachment-id=\"97509\" data-permalink=\"https:\/\/eldiariodesanpedro.com.ar\/sitio\/aparecio-un-objeto-que-podria-pertenecer-a-alguna-embarcacion-de-la-batalla-de-obligado\/235058588_3135515403444205_3805645237174642860_n\/\" data-orig-file=\"https:\/\/eldiariodesanpedro.com.ar\/sitio\/wp-content\/uploads\/2021\/08\/235058588_3135515403444205_3805645237174642860_n.jpg\" data-orig-size=\"960,540\" data-comments-opened=\"0\" data-image-meta=\"{&quot;aperture&quot;:&quot;0&quot;,&quot;credit&quot;:&quot;&quot;,&quot;camera&quot;:&quot;&quot;,&quot;caption&quot;:&quot;&quot;,&quot;created_timestamp&quot;:&quot;0&quot;,&quot;copyright&quot;:&quot;&quot;,&quot;focal_length&quot;:&quot;0&quot;,&quot;iso&quot;:&quot;0&quot;,&quot;shutter_speed&quot;:&quot;0&quot;,&quot;title&quot;:&quot;&quot;,&quot;orientation&quot;:&quot;0&quot;}\" data-image-title=\"235058588_3135515403444205_3805645237174642860_n\" data-image-description=\"\" data-image-caption=\"\" data-large-file=\"https:\/\/eldiariodesanpedro.com.ar\/sitio\/wp-content\/uploads\/2021\/08\/235058588_3135515403444205_3805645237174642860_n.jpg\" data-src=\"https:\/\/eldiariodesanpedro.com.ar\/sitio\/wp-content\/uploads\/2021\/08\/235058588_3135515403444205_3805645237174642860_n.jpg\" alt=\"\" class=\"wp-image-97509 lazyload\" data-srcset=\"https:\/\/eldiariodesanpedro.com.ar\/sitio\/wp-content\/uploads\/2021\/08\/235058588_3135515403444205_3805645237174642860_n.jpg 960w, https:\/\/eldiariodesanpedro.com.ar\/sitio\/wp-content\/uploads\/2021\/08\/235058588_3135515403444205_3805645237174642860_n-300x169.jpg 300w, https:\/\/eldiariodesanpedro.com.ar\/sitio\/wp-content\/uploads\/2021\/08\/235058588_3135515403444205_3805645237174642860_n-768x432.jpg 768w, https:\/\/eldiariodesanpedro.com.ar\/sitio\/wp-content\/uploads\/2021\/08\/235058588_3135515403444205_3805645237174642860_n-800x450.jpg 800w\" data-sizes=\"(max-width: 960px) 100vw, 960px\" src=\"data:image\/svg+xml;base64,PHN2ZyB3aWR0aD0iMSIgaGVpZ2h0PSIxIiB4bWxucz0iaHR0cDovL3d3dy53My5vcmcvMjAwMC9zdmciPjwvc3ZnPg==\" style=\"--smush-placeholder-width: 960px; --smush-placeholder-aspect-ratio: 960\/540;\" \/><\/figure>\n","protected":false},"excerpt":{"rendered":"<p>El Sr. Guillermo Bast\u00eda, vecino de San Pedro, aviso a las personas encargadas del Museo Pa\u00f1leontologico de la aparici\u00f3n de este objeto en Vuelta de Obligado, producto de la gran bajante. Aparenta ser un cabrestante de nav\u00edo antiguo, por lo que se dio aviso al municipio local y a la Prefectura Naval Argentina del destacamento [&hellip;]<\/p>\n","protected":false},"author":4,"featured_media":97506,"comment_status":"closed","ping_status":"closed","sticky":false,"template":"","format":"standard","meta":{"om_disable_all_campaigns":false,"_jetpack_memberships_contains_paid_content":false,"footnotes":""},"categories":[50,101,2],"tags":[],"class_list":["post-97504","post","type-post","status-publish","format-standard","has-post-thumbnail","hentry","category-destacadas","category-interes-general-locales","category-locales"],"aioseo_notices":[],"gutentor_comment":0,"jetpack_featured_media_url":"https:\/\/eldiariodesanpedro.com.ar\/sitio\/wp-content\/uploads\/2021\/08\/235314805_3135515513444194_1562877221372082857_n.jpg","jetpack_shortlink":"https:\/\/wp.me\/p6RhLt-pmE","jetpack_sharing_enabled":true,"_links":{"self":[{"href":"https:\/\/eldiariodesanpedro.com.ar\/sitio\/wp-json\/wp\/v2\/posts\/97504","targetHints":{"allow":["GET"]}}],"collection":[{"href":"https:\/\/eldiariodesanpedro.com.ar\/sitio\/wp-json\/wp\/v2\/posts"}],"about":[{"href":"https:\/\/eldiariodesanpedro.com.ar\/sitio\/wp-json\/wp\/v2\/types\/post"}],"author":[{"embeddable":true,"href":"https:\/\/eldiariodesanpedro.com.ar\/sitio\/wp-json\/wp\/v2\/users\/4"}],"replies":[{"embeddable":true,"href":"https:\/\/eldiariodesanpedro.com.ar\/sitio\/wp-json\/wp\/v2\/comments?post=97504"}],"version-history":[{"count":2,"href":"https:\/\/eldiariodesanpedro.com.ar\/sitio\/wp-json\/wp\/v2\/posts\/97504\/revisions"}],"predecessor-version":[{"id":97510,"href":"https:\/\/eldiariodesanpedro.com.ar\/sitio\/wp-json\/wp\/v2\/posts\/97504\/revisions\/97510"}],"wp:featuredmedia":[{"embeddable":true,"href":"https:\/\/eldiariodesanpedro.com.ar\/sitio\/wp-json\/wp\/v2\/media\/97506"}],"wp:attachment":[{"href":"https:\/\/eldiariodesanpedro.com.ar\/sitio\/wp-json\/wp\/v2\/media?parent=97504"}],"wp:term":[{"taxonomy":"category","embeddable":true,"href":"https:\/\/eldiariodesanpedro.com.ar\/sitio\/wp-json\/wp\/v2\/categories?post=97504"},{"taxonomy":"post_tag","embeddable":true,"href":"https:\/\/eldiariodesanpedro.com.ar\/sitio\/wp-json\/wp\/v2\/tags?post=97504"}],"curies":[{"name":"wp","href":"https:\/\/api.w.org\/{rel}","templated":true}]}}