{"id":97500,"date":"2021-08-16T16:28:11","date_gmt":"2021-08-16T19:28:11","guid":{"rendered":"https:\/\/eldiariodesanpedro.com.ar\/sitio\/?p=97500"},"modified":"2021-08-16T16:28:15","modified_gmt":"2021-08-16T19:28:15","slug":"tren-sanitario-en-gobernador-castro","status":"publish","type":"post","link":"https:\/\/eldiariodesanpedro.com.ar\/sitio\/tren-sanitario-en-gobernador-castro\/","title":{"rendered":"Tren Sanitario en Gobernador Castro"},"content":{"rendered":"<!-- VideographyWP Plugin Message: Automatic video embedding prevented by plugin options. -->\n\n<p>En la jornada de hoy, el Secretario de Salud Daniel Creus, junto al Delegado de la localidad \u00c1ngel \u00c1lvarez visitaron la estaci\u00f3n donde se dispuso la atenci\u00f3n del Tren Sanitario, que ofreci\u00f3 vacunaci\u00f3n de Calendario, vacunaci\u00f3n Covid-19 y m\u00e9dicos generalistas, quienes brindaron atenci\u00f3n a los vecinos de Gobernador Castro que se hacercaron al lugar.<\/p>\n\n\n\n<p>Parte de la recorrida consisti\u00f3 en visitar el Hospital Municipal 26 de Julio junto a la Directora Daniela Alves quien tambi\u00e9n fue parte de la recorrida por la estaci\u00f3n de tren.<\/p>\n","protected":false},"excerpt":{"rendered":"<p>En la jornada de hoy, el Secretario de Salud Daniel Creus, junto al Delegado de la localidad \u00c1ngel \u00c1lvarez visitaron la estaci\u00f3n donde se dispuso la atenci\u00f3n del Tren Sanitario, que ofreci\u00f3 vacunaci\u00f3n de Calendario, vacunaci\u00f3n Covid-19 y m\u00e9dicos generalistas, quienes brindaron atenci\u00f3n a los vecinos de Gobernador Castro que se hacercaron al lugar. Parte [&hellip;]<\/p>\n","protected":false},"author":4,"featured_media":97501,"comment_status":"closed","ping_status":"closed","sticky":false,"template":"","format":"standard","meta":{"om_disable_all_campaigns":false,"_jetpack_memberships_contains_paid_content":false,"footnotes":""},"categories":[101,2],"tags":[],"class_list":["post-97500","post","type-post","status-publish","format-standard","has-post-thumbnail","hentry","category-interes-general-locales","category-locales"],"aioseo_notices":[],"gutentor_comment":0,"jetpack_featured_media_url":"https:\/\/eldiariodesanpedro.com.ar\/sitio\/wp-content\/uploads\/2021\/08\/WhatsApp-Image-2021-08-16-at-13.51.20.jpeg","jetpack_shortlink":"https:\/\/wp.me\/p6RhLt-pmA","jetpack_sharing_enabled":true,"_links":{"self":[{"href":"https:\/\/eldiariodesanpedro.com.ar\/sitio\/wp-json\/wp\/v2\/posts\/97500","targetHints":{"allow":["GET"]}}],"collection":[{"href":"https:\/\/eldiariodesanpedro.com.ar\/sitio\/wp-json\/wp\/v2\/posts"}],"about":[{"href":"https:\/\/eldiariodesanpedro.com.ar\/sitio\/wp-json\/wp\/v2\/types\/post"}],"author":[{"embeddable":true,"href":"https:\/\/eldiariodesanpedro.com.ar\/sitio\/wp-json\/wp\/v2\/users\/4"}],"replies":[{"embeddable":true,"href":"https:\/\/eldiariodesanpedro.com.ar\/sitio\/wp-json\/wp\/v2\/comments?post=97500"}],"version-history":[{"count":1,"href":"https:\/\/eldiariodesanpedro.com.ar\/sitio\/wp-json\/wp\/v2\/posts\/97500\/revisions"}],"predecessor-version":[{"id":97502,"href":"https:\/\/eldiariodesanpedro.com.ar\/sitio\/wp-json\/wp\/v2\/posts\/97500\/revisions\/97502"}],"wp:featuredmedia":[{"embeddable":true,"href":"https:\/\/eldiariodesanpedro.com.ar\/sitio\/wp-json\/wp\/v2\/media\/97501"}],"wp:attachment":[{"href":"https:\/\/eldiariodesanpedro.com.ar\/sitio\/wp-json\/wp\/v2\/media?parent=97500"}],"wp:term":[{"taxonomy":"category","embeddable":true,"href":"https:\/\/eldiariodesanpedro.com.ar\/sitio\/wp-json\/wp\/v2\/categories?post=97500"},{"taxonomy":"post_tag","embeddable":true,"href":"https:\/\/eldiariodesanpedro.com.ar\/sitio\/wp-json\/wp\/v2\/tags?post=97500"}],"curies":[{"name":"wp","href":"https:\/\/api.w.org\/{rel}","templated":true}]}}