{"id":97494,"date":"2021-08-16T16:16:34","date_gmt":"2021-08-16T19:16:34","guid":{"rendered":"https:\/\/eldiariodesanpedro.com.ar\/sitio\/?p=97494"},"modified":"2021-08-16T16:16:38","modified_gmt":"2021-08-16T19:16:38","slug":"el-renaper-entrega-los-dni-en-el-cic","status":"publish","type":"post","link":"https:\/\/eldiariodesanpedro.com.ar\/sitio\/el-renaper-entrega-los-dni-en-el-cic\/","title":{"rendered":"El Renaper entrega los DNI en el CIC"},"content":{"rendered":"<!-- VideographyWP Plugin Message: Automatic video embedding prevented by plugin options. -->\n\n<p>En el d\u00eda de la fecha se realiza la entrega de D.N.I a todas aquellas personas que se acercaron el mes de julio a realizar la gesti\u00f3n de su documento en el CIC ubicado en Hermano Indio y Casella.<\/p>\n\n\n\n<p>En esta ocasi\u00f3n, personal del Registro Nacional de las Personas estar\u00e1n entregando los documentos hoy hasta las 13.00 hs y el martes 17 de agosto de 9.00 a 13.00 hs en el CIC ubicado en la intersecci\u00f3n de las calles Hermano Indio y Casella.<\/p>\n","protected":false},"excerpt":{"rendered":"<p>En el d\u00eda de la fecha se realiza la entrega de D.N.I a todas aquellas personas que se acercaron el mes de julio a realizar la gesti\u00f3n de su documento en el CIC ubicado en Hermano Indio y Casella. En esta ocasi\u00f3n, personal del Registro Nacional de las Personas estar\u00e1n entregando los documentos hoy hasta [&hellip;]<\/p>\n","protected":false},"author":4,"featured_media":97495,"comment_status":"closed","ping_status":"closed","sticky":false,"template":"","format":"standard","meta":{"om_disable_all_campaigns":false,"_jetpack_memberships_contains_paid_content":false,"footnotes":""},"categories":[50,101,2],"tags":[],"class_list":["post-97494","post","type-post","status-publish","format-standard","has-post-thumbnail","hentry","category-destacadas","category-interes-general-locales","category-locales"],"aioseo_notices":[],"gutentor_comment":0,"jetpack_featured_media_url":"https:\/\/eldiariodesanpedro.com.ar\/sitio\/wp-content\/uploads\/2021\/08\/WhatsApp-Image-2021-08-16-at-10.48.26.jpeg","jetpack_shortlink":"https:\/\/wp.me\/p6RhLt-pmu","jetpack_sharing_enabled":true,"_links":{"self":[{"href":"https:\/\/eldiariodesanpedro.com.ar\/sitio\/wp-json\/wp\/v2\/posts\/97494","targetHints":{"allow":["GET"]}}],"collection":[{"href":"https:\/\/eldiariodesanpedro.com.ar\/sitio\/wp-json\/wp\/v2\/posts"}],"about":[{"href":"https:\/\/eldiariodesanpedro.com.ar\/sitio\/wp-json\/wp\/v2\/types\/post"}],"author":[{"embeddable":true,"href":"https:\/\/eldiariodesanpedro.com.ar\/sitio\/wp-json\/wp\/v2\/users\/4"}],"replies":[{"embeddable":true,"href":"https:\/\/eldiariodesanpedro.com.ar\/sitio\/wp-json\/wp\/v2\/comments?post=97494"}],"version-history":[{"count":1,"href":"https:\/\/eldiariodesanpedro.com.ar\/sitio\/wp-json\/wp\/v2\/posts\/97494\/revisions"}],"predecessor-version":[{"id":97496,"href":"https:\/\/eldiariodesanpedro.com.ar\/sitio\/wp-json\/wp\/v2\/posts\/97494\/revisions\/97496"}],"wp:featuredmedia":[{"embeddable":true,"href":"https:\/\/eldiariodesanpedro.com.ar\/sitio\/wp-json\/wp\/v2\/media\/97495"}],"wp:attachment":[{"href":"https:\/\/eldiariodesanpedro.com.ar\/sitio\/wp-json\/wp\/v2\/media?parent=97494"}],"wp:term":[{"taxonomy":"category","embeddable":true,"href":"https:\/\/eldiariodesanpedro.com.ar\/sitio\/wp-json\/wp\/v2\/categories?post=97494"},{"taxonomy":"post_tag","embeddable":true,"href":"https:\/\/eldiariodesanpedro.com.ar\/sitio\/wp-json\/wp\/v2\/tags?post=97494"}],"curies":[{"name":"wp","href":"https:\/\/api.w.org\/{rel}","templated":true}]}}