{"id":9749,"date":"2016-11-04T18:54:20","date_gmt":"2016-11-04T21:54:20","guid":{"rendered":"https:\/\/eldiariodesanpedro.com.ar\/sitio\/?p=9749"},"modified":"2016-11-04T19:00:35","modified_gmt":"2016-11-04T22:00:35","slug":"derivaron-a-uno-de-los-motociclistas-que-sufrio-un-fuerte-traumatismo-a-un-centro-asistencial-de-la-plata","status":"publish","type":"post","link":"https:\/\/eldiariodesanpedro.com.ar\/sitio\/derivaron-a-uno-de-los-motociclistas-que-sufrio-un-fuerte-traumatismo-a-un-centro-asistencial-de-la-plata\/","title":{"rendered":"Derivaron a La Plata a un motociclista que sufri\u00f3 un fuerte traumatismo"},"content":{"rendered":"<p><!-- VideographyWP Plugin Message: Automatic video embedding prevented by plugin options. --><br \/>\nEl siniestro se produjo el jueves por la noche en Manuel Iglesias y Ruffa. La circunstancias a\u00fan no est\u00e1n del todo claras. Lo cierto que es dos ciclomotores impactaron fuertemente en esa esquina, dejando como saldo cuatro personas heridas.<\/p>\n<p>Seg\u00fan se pudo establecer, todos ellos fueron derivados a la guardia del Hospital, dos por la ambulancia del Servicio de Emergencias 107 del Hospital y dos por una de una empresa privada.<\/p>\n<p>En principio, se supo que Leonardo Villaverde (23) sufri\u00f3 una fractura de cr\u00e1neo con da\u00f1o neurol\u00f3gico, y corre riesgo su vida. Como consecuencia de ello ,fue derivado a un centro asistencial de La Plata, para evaluar el grado de la lesi\u00f3n.<\/p>\n<p>En tanto, su acompa\u00f1ante, Juliana Canali (18), tiene una doble fractura de maxilar, entre otras lesiones menores.<br \/>\nLos restantes, Lucas Gunt\u00edn (21) y Antonella Morales (20), dentro de la complejidad de la situaci\u00f3n sufrieron da\u00f1os de menor cuant\u00eda, con algunos golpes. El primero tiene una contusi\u00f3n en el t\u00f3rax y en el hombro izquierdo, y la segunda padeci\u00f3 una traumatismo facial.<\/p>\n<p>Si bien se comisionaron al lugar los peritos de la polic\u00eda cient\u00edfica, las tareas para establecer lo sucedido fueron complejas debido a que los rodados intervinientes en el siniestro fueron removidos por familiares de los involucrados en el hecho. Es por ello que la Fiscal\u00eda interviniente orden\u00f3 a la Sub DDI Baradero San Pedro que se busquen testigos de lo ocurrido. La causa fue caratulada como \u201cLesiones Culposas\u201d.<\/p>\n","protected":false},"excerpt":{"rendered":"<p>El siniestro se produjo el jueves por la noche en Manuel Iglesias y Ruffa. La circunstancias a\u00fan no est\u00e1n del todo claras. Lo cierto que es dos ciclomotores impactaron fuertemente en esa esquina, dejando como saldo cuatro personas heridas. Seg\u00fan se pudo establecer, todos ellos fueron derivados a la guardia del Hospital, dos por la [&hellip;]<\/p>\n","protected":false},"author":4,"featured_media":9752,"comment_status":"open","ping_status":"closed","sticky":false,"template":"","format":"standard","meta":{"om_disable_all_campaigns":false,"_jetpack_memberships_contains_paid_content":false,"footnotes":""},"categories":[101,2],"tags":[],"class_list":["post-9749","post","type-post","status-publish","format-standard","has-post-thumbnail","hentry","category-interes-general-locales","category-locales"],"aioseo_notices":[],"gutentor_comment":0,"jetpack_featured_media_url":"https:\/\/eldiariodesanpedro.com.ar\/sitio\/wp-content\/uploads\/2016\/11\/FOTO-TAPA.jpg","jetpack_shortlink":"https:\/\/wp.me\/p6RhLt-2xf","jetpack_sharing_enabled":true,"_links":{"self":[{"href":"https:\/\/eldiariodesanpedro.com.ar\/sitio\/wp-json\/wp\/v2\/posts\/9749","targetHints":{"allow":["GET"]}}],"collection":[{"href":"https:\/\/eldiariodesanpedro.com.ar\/sitio\/wp-json\/wp\/v2\/posts"}],"about":[{"href":"https:\/\/eldiariodesanpedro.com.ar\/sitio\/wp-json\/wp\/v2\/types\/post"}],"author":[{"embeddable":true,"href":"https:\/\/eldiariodesanpedro.com.ar\/sitio\/wp-json\/wp\/v2\/users\/4"}],"replies":[{"embeddable":true,"href":"https:\/\/eldiariodesanpedro.com.ar\/sitio\/wp-json\/wp\/v2\/comments?post=9749"}],"version-history":[{"count":2,"href":"https:\/\/eldiariodesanpedro.com.ar\/sitio\/wp-json\/wp\/v2\/posts\/9749\/revisions"}],"predecessor-version":[{"id":9762,"href":"https:\/\/eldiariodesanpedro.com.ar\/sitio\/wp-json\/wp\/v2\/posts\/9749\/revisions\/9762"}],"wp:featuredmedia":[{"embeddable":true,"href":"https:\/\/eldiariodesanpedro.com.ar\/sitio\/wp-json\/wp\/v2\/media\/9752"}],"wp:attachment":[{"href":"https:\/\/eldiariodesanpedro.com.ar\/sitio\/wp-json\/wp\/v2\/media?parent=9749"}],"wp:term":[{"taxonomy":"category","embeddable":true,"href":"https:\/\/eldiariodesanpedro.com.ar\/sitio\/wp-json\/wp\/v2\/categories?post=9749"},{"taxonomy":"post_tag","embeddable":true,"href":"https:\/\/eldiariodesanpedro.com.ar\/sitio\/wp-json\/wp\/v2\/tags?post=9749"}],"curies":[{"name":"wp","href":"https:\/\/api.w.org\/{rel}","templated":true}]}}