{"id":97465,"date":"2021-08-15T19:48:24","date_gmt":"2021-08-15T22:48:24","guid":{"rendered":"https:\/\/eldiariodesanpedro.com.ar\/sitio\/?p=97465"},"modified":"2021-08-15T19:48:25","modified_gmt":"2021-08-15T22:48:25","slug":"celebracion-por-los-25-anos-de-la-creacion-del-destacamento-del-cuerpo-de-bomberos-voluntarios-de-gobernador-castro","status":"publish","type":"post","link":"https:\/\/eldiariodesanpedro.com.ar\/sitio\/celebracion-por-los-25-anos-de-la-creacion-del-destacamento-del-cuerpo-de-bomberos-voluntarios-de-gobernador-castro\/","title":{"rendered":"Celebraci\u00f3n por los 25 a\u00f1os de la creaci\u00f3n del Destacamento del Cuerpo de Bomberos Voluntarios de Gobernador Castro"},"content":{"rendered":"<!-- VideographyWP Plugin Message: Automatic video embedding prevented by plugin options. -->\n\n<p>El Secretario de Coordinaci\u00f3n Ram\u00f3n Salazar particip\u00f3 en la tarde del s\u00e1bado del acto de celebraci\u00f3n de los 25 a\u00f1os de la creaci\u00f3n del Destacamento N\u00ba1 del cuerpo de Bomberos Voluntarios de Gobernador Castro junto a Ram\u00f3n \u00c1ngel \u00c1lvarez Delegado de la localidad, Ariel \u00c1lvarez, Secretario de Servicios P\u00fablicos, Alfredo Carrasco Secretario de Desarrollo Econ\u00f3mico, Marcela Cu\u00f1er Secretaria de Turismo y Cultura.<\/p>\n\n\n\n<p>En la jornada de conmemoraci\u00f3n, en la que adem\u00e1s se reconoci\u00f3 a los que desempe\u00f1an all\u00ed, tambi\u00e9n participaron el jefe de destacamento policial de Castro, la Directora del Hospital 26 de Julio, familiares del personal de Bomberos de Castro Consejo Directivo y Cuerpo Activo de San Pedro.<\/p>\n\n\n\n<p>El aniversario de la creaci\u00f3n del cuartel fue el 10 de julio, pero la actividad hab\u00eda sido suspendida por la situaci\u00f3n sanitaria de ese momento, por lo que este s\u00e1bado finalmente se concret\u00f3 y la Municipalidad de San Pedro se hizo presente con una placa conmemorativa que fue destapada por el Secretario de Coordinaci\u00f3n Ram\u00f3n Salazar y el Delegado Municipal \u00c1ngel \u00c1lvarez.<\/p>\n\n\n\n<figure class=\"wp-block-image size-large\"><img decoding=\"async\" width=\"1024\" height=\"682\" data-attachment-id=\"97468\" data-permalink=\"https:\/\/eldiariodesanpedro.com.ar\/sitio\/celebracion-por-los-25-anos-de-la-creacion-del-destacamento-del-cuerpo-de-bomberos-voluntarios-de-gobernador-castro\/whatsapp-image-2021-08-15-at-10-45-13\/\" data-orig-file=\"https:\/\/eldiariodesanpedro.com.ar\/sitio\/wp-content\/uploads\/2021\/08\/WhatsApp-Image-2021-08-15-at-10.45.13.jpeg\" data-orig-size=\"1280,853\" data-comments-opened=\"0\" data-image-meta=\"{&quot;aperture&quot;:&quot;0&quot;,&quot;credit&quot;:&quot;&quot;,&quot;camera&quot;:&quot;&quot;,&quot;caption&quot;:&quot;&quot;,&quot;created_timestamp&quot;:&quot;0&quot;,&quot;copyright&quot;:&quot;&quot;,&quot;focal_length&quot;:&quot;0&quot;,&quot;iso&quot;:&quot;0&quot;,&quot;shutter_speed&quot;:&quot;0&quot;,&quot;title&quot;:&quot;&quot;,&quot;orientation&quot;:&quot;0&quot;}\" data-image-title=\"WhatsApp Image 2021-08-15 at 10.45.13\" data-image-description=\"\" data-image-caption=\"\" data-large-file=\"https:\/\/eldiariodesanpedro.com.ar\/sitio\/wp-content\/uploads\/2021\/08\/WhatsApp-Image-2021-08-15-at-10.45.13-1024x682.jpeg\" data-src=\"https:\/\/eldiariodesanpedro.com.ar\/sitio\/wp-content\/uploads\/2021\/08\/WhatsApp-Image-2021-08-15-at-10.45.13-1024x682.jpeg\" alt=\"\" class=\"wp-image-97468 lazyload\" data-srcset=\"https:\/\/eldiariodesanpedro.com.ar\/sitio\/wp-content\/uploads\/2021\/08\/WhatsApp-Image-2021-08-15-at-10.45.13-1024x682.jpeg 1024w, https:\/\/eldiariodesanpedro.com.ar\/sitio\/wp-content\/uploads\/2021\/08\/WhatsApp-Image-2021-08-15-at-10.45.13-300x200.jpeg 300w, https:\/\/eldiariodesanpedro.com.ar\/sitio\/wp-content\/uploads\/2021\/08\/WhatsApp-Image-2021-08-15-at-10.45.13-768x512.jpeg 768w, https:\/\/eldiariodesanpedro.com.ar\/sitio\/wp-content\/uploads\/2021\/08\/WhatsApp-Image-2021-08-15-at-10.45.13.jpeg 1280w\" data-sizes=\"(max-width: 1024px) 100vw, 1024px\" src=\"data:image\/svg+xml;base64,PHN2ZyB3aWR0aD0iMSIgaGVpZ2h0PSIxIiB4bWxucz0iaHR0cDovL3d3dy53My5vcmcvMjAwMC9zdmciPjwvc3ZnPg==\" style=\"--smush-placeholder-width: 1024px; --smush-placeholder-aspect-ratio: 1024\/682;\" \/><\/figure>\n\n\n\n<figure class=\"wp-block-image size-large\"><img decoding=\"async\" width=\"1024\" height=\"682\" data-attachment-id=\"97467\" data-permalink=\"https:\/\/eldiariodesanpedro.com.ar\/sitio\/celebracion-por-los-25-anos-de-la-creacion-del-destacamento-del-cuerpo-de-bomberos-voluntarios-de-gobernador-castro\/whatsapp-image-2021-08-15-at-10-45-12\/\" data-orig-file=\"https:\/\/eldiariodesanpedro.com.ar\/sitio\/wp-content\/uploads\/2021\/08\/WhatsApp-Image-2021-08-15-at-10.45.12.jpeg\" data-orig-size=\"1280,853\" data-comments-opened=\"0\" data-image-meta=\"{&quot;aperture&quot;:&quot;0&quot;,&quot;credit&quot;:&quot;&quot;,&quot;camera&quot;:&quot;&quot;,&quot;caption&quot;:&quot;&quot;,&quot;created_timestamp&quot;:&quot;0&quot;,&quot;copyright&quot;:&quot;&quot;,&quot;focal_length&quot;:&quot;0&quot;,&quot;iso&quot;:&quot;0&quot;,&quot;shutter_speed&quot;:&quot;0&quot;,&quot;title&quot;:&quot;&quot;,&quot;orientation&quot;:&quot;0&quot;}\" data-image-title=\"WhatsApp Image 2021-08-15 at 10.45.12\" data-image-description=\"\" data-image-caption=\"\" data-large-file=\"https:\/\/eldiariodesanpedro.com.ar\/sitio\/wp-content\/uploads\/2021\/08\/WhatsApp-Image-2021-08-15-at-10.45.12-1024x682.jpeg\" data-src=\"https:\/\/eldiariodesanpedro.com.ar\/sitio\/wp-content\/uploads\/2021\/08\/WhatsApp-Image-2021-08-15-at-10.45.12-1024x682.jpeg\" alt=\"\" class=\"wp-image-97467 lazyload\" data-srcset=\"https:\/\/eldiariodesanpedro.com.ar\/sitio\/wp-content\/uploads\/2021\/08\/WhatsApp-Image-2021-08-15-at-10.45.12-1024x682.jpeg 1024w, https:\/\/eldiariodesanpedro.com.ar\/sitio\/wp-content\/uploads\/2021\/08\/WhatsApp-Image-2021-08-15-at-10.45.12-300x200.jpeg 300w, https:\/\/eldiariodesanpedro.com.ar\/sitio\/wp-content\/uploads\/2021\/08\/WhatsApp-Image-2021-08-15-at-10.45.12-768x512.jpeg 768w, https:\/\/eldiariodesanpedro.com.ar\/sitio\/wp-content\/uploads\/2021\/08\/WhatsApp-Image-2021-08-15-at-10.45.12.jpeg 1280w\" data-sizes=\"(max-width: 1024px) 100vw, 1024px\" src=\"data:image\/svg+xml;base64,PHN2ZyB3aWR0aD0iMSIgaGVpZ2h0PSIxIiB4bWxucz0iaHR0cDovL3d3dy53My5vcmcvMjAwMC9zdmciPjwvc3ZnPg==\" style=\"--smush-placeholder-width: 1024px; --smush-placeholder-aspect-ratio: 1024\/682;\" \/><\/figure>\n","protected":false},"excerpt":{"rendered":"<p>El Secretario de Coordinaci\u00f3n Ram\u00f3n Salazar particip\u00f3 en la tarde del s\u00e1bado del acto de celebraci\u00f3n de los 25 a\u00f1os de la creaci\u00f3n del Destacamento N\u00ba1 del cuerpo de Bomberos Voluntarios de Gobernador Castro junto a Ram\u00f3n \u00c1ngel \u00c1lvarez Delegado de la localidad, Ariel \u00c1lvarez, Secretario de Servicios P\u00fablicos, Alfredo Carrasco Secretario de Desarrollo Econ\u00f3mico, [&hellip;]<\/p>\n","protected":false},"author":4,"featured_media":97466,"comment_status":"closed","ping_status":"closed","sticky":false,"template":"","format":"standard","meta":{"om_disable_all_campaigns":false,"_jetpack_memberships_contains_paid_content":false,"footnotes":""},"categories":[50,101,2],"tags":[],"class_list":["post-97465","post","type-post","status-publish","format-standard","has-post-thumbnail","hentry","category-destacadas","category-interes-general-locales","category-locales"],"aioseo_notices":[],"gutentor_comment":0,"jetpack_featured_media_url":"https:\/\/eldiariodesanpedro.com.ar\/sitio\/wp-content\/uploads\/2021\/08\/WhatsApp-Image-2021-08-15-at-10.45.11.jpeg","jetpack_shortlink":"https:\/\/wp.me\/p6RhLt-pm1","jetpack_sharing_enabled":true,"_links":{"self":[{"href":"https:\/\/eldiariodesanpedro.com.ar\/sitio\/wp-json\/wp\/v2\/posts\/97465","targetHints":{"allow":["GET"]}}],"collection":[{"href":"https:\/\/eldiariodesanpedro.com.ar\/sitio\/wp-json\/wp\/v2\/posts"}],"about":[{"href":"https:\/\/eldiariodesanpedro.com.ar\/sitio\/wp-json\/wp\/v2\/types\/post"}],"author":[{"embeddable":true,"href":"https:\/\/eldiariodesanpedro.com.ar\/sitio\/wp-json\/wp\/v2\/users\/4"}],"replies":[{"embeddable":true,"href":"https:\/\/eldiariodesanpedro.com.ar\/sitio\/wp-json\/wp\/v2\/comments?post=97465"}],"version-history":[{"count":1,"href":"https:\/\/eldiariodesanpedro.com.ar\/sitio\/wp-json\/wp\/v2\/posts\/97465\/revisions"}],"predecessor-version":[{"id":97469,"href":"https:\/\/eldiariodesanpedro.com.ar\/sitio\/wp-json\/wp\/v2\/posts\/97465\/revisions\/97469"}],"wp:featuredmedia":[{"embeddable":true,"href":"https:\/\/eldiariodesanpedro.com.ar\/sitio\/wp-json\/wp\/v2\/media\/97466"}],"wp:attachment":[{"href":"https:\/\/eldiariodesanpedro.com.ar\/sitio\/wp-json\/wp\/v2\/media?parent=97465"}],"wp:term":[{"taxonomy":"category","embeddable":true,"href":"https:\/\/eldiariodesanpedro.com.ar\/sitio\/wp-json\/wp\/v2\/categories?post=97465"},{"taxonomy":"post_tag","embeddable":true,"href":"https:\/\/eldiariodesanpedro.com.ar\/sitio\/wp-json\/wp\/v2\/tags?post=97465"}],"curies":[{"name":"wp","href":"https:\/\/api.w.org\/{rel}","templated":true}]}}