{"id":97451,"date":"2021-08-13T19:44:17","date_gmt":"2021-08-13T22:44:17","guid":{"rendered":"https:\/\/eldiariodesanpedro.com.ar\/sitio\/?p=97451"},"modified":"2021-08-13T19:44:22","modified_gmt":"2021-08-13T22:44:22","slug":"las-mascotas-ya-tienen-un-centro-de-atencion-municipal-en-el-centro-de-la-ciudad","status":"publish","type":"post","link":"https:\/\/eldiariodesanpedro.com.ar\/sitio\/las-mascotas-ya-tienen-un-centro-de-atencion-municipal-en-el-centro-de-la-ciudad\/","title":{"rendered":"Las mascotas ya tienen un centro de atenci\u00f3n municipal en el centro de la ciudad"},"content":{"rendered":"<!-- VideographyWP Plugin Message: Automatic video embedding prevented by plugin options. -->\n\n<p>Esta ma\u00f1ana, en la esquina de Salta y 9 de Julio se inaugur\u00f3 el edificio municipal en el que funcionar\u00e1 el Departamento Canino y Felino, dependiente de la Secretar\u00eda de Salud de la Municipalidad de San Pedro.<\/p>\n\n\n\n<p>El Intendente Cecilio Salazar, la presidente del HCD M\u00f3nica Otero, funcionarios municipales y representantes del grupo que colabora con el Departamento acompa\u00f1aron con mucha emoci\u00f3n este acto que concreta en pocos meses, el anuncio realizado por el Secretario de Coordinaci\u00f3n Dr. Ram\u00f3n Salazar, quien asumi\u00f3 el compromiso de impulsar la cesi\u00f3n de un espacio c\u00e9ntrico para la atenci\u00f3n de la poblaci\u00f3n canina y felina de San Pedro.<\/p>\n\n\n\n<p>El Veterinario Federico Reyna, responsable del \u00e1rea que viene llevando adelante centenares de castraciones e intensas campa\u00f1as de vacunaci\u00f3n fue el primero en hablar y agradecer esta oportunidad de mejorar la atenci\u00f3n a las mascotas e implementar campa\u00f1as p\u00fablicas de control y sanidad.<\/p>\n\n\n\n<p>En la misma l\u00ednea destacando la importancia que tiene en la Salud P\u00fablica el control de la poblaci\u00f3n canina y felina, el Secretario de Salud Dr. Daniel Creus tambi\u00e9n hizo menci\u00f3n a la relevancia que tiene la apertura de un espacio adecuado para la tarea.<\/p>\n\n\n\n<p>El Secretario de Obras P\u00fablicas Dr. Javier Silva tambi\u00e9n destac\u00f3 el valor del proyecto, la celeridad y eficiencia del equipo que trabajo en cada uno de los aspectos de esta refacci\u00f3n que ha modificado sustancialmente el interior y exterior de una propiedad que se encontraba en desuso.<\/p>\n\n\n\n<p>El Dr. Ram\u00f3n Salazar finalmente destac\u00f3 la satisfacci\u00f3n de haber llegado a esta instancia luego de una gesti\u00f3n personal en la que involucr\u00f3 a diferentes funcionarios, respondiendo a la solicitud de quienes manifestaron su preocupaci\u00f3n por darle a este tema la importancia que merece.<\/p>\n\n\n\n<p>En el corte de cintas participaron adem\u00e1s de las autoridades la Sra. Marcela Hainez una de las colaboradoras m\u00e1s estrechas de esta actividad e impulsora de esta obra, con una destacable actitud de solidaridad y compromiso para con la protecci\u00f3n de las mascotas.<\/p>\n\n\n\n<p>En los pr\u00f3ximos d\u00edas con la llegada del mobilario se habilitar\u00e1 la atenci\u00f3n en el nuevo edificio y se brindar\u00e1 informaci\u00f3n sobre horarios de atenci\u00f3n para vacunaci\u00f3n, castraciones y controles.<\/p>\n\n\n\n<figure class=\"wp-block-image size-large\"><img decoding=\"async\" width=\"1024\" height=\"682\" data-attachment-id=\"97453\" data-permalink=\"https:\/\/eldiariodesanpedro.com.ar\/sitio\/las-mascotas-ya-tienen-un-centro-de-atencion-municipal-en-el-centro-de-la-ciudad\/whatsapp-image-2021-08-13-at-18-35-21\/\" data-orig-file=\"https:\/\/eldiariodesanpedro.com.ar\/sitio\/wp-content\/uploads\/2021\/08\/WhatsApp-Image-2021-08-13-at-18.35.21.jpeg\" data-orig-size=\"1280,853\" data-comments-opened=\"0\" data-image-meta=\"{&quot;aperture&quot;:&quot;0&quot;,&quot;credit&quot;:&quot;&quot;,&quot;camera&quot;:&quot;&quot;,&quot;caption&quot;:&quot;&quot;,&quot;created_timestamp&quot;:&quot;0&quot;,&quot;copyright&quot;:&quot;&quot;,&quot;focal_length&quot;:&quot;0&quot;,&quot;iso&quot;:&quot;0&quot;,&quot;shutter_speed&quot;:&quot;0&quot;,&quot;title&quot;:&quot;&quot;,&quot;orientation&quot;:&quot;0&quot;}\" data-image-title=\"WhatsApp-Image-2021-08-13-at-18.35.21\" data-image-description=\"\" data-image-caption=\"\" data-large-file=\"https:\/\/eldiariodesanpedro.com.ar\/sitio\/wp-content\/uploads\/2021\/08\/WhatsApp-Image-2021-08-13-at-18.35.21-1024x682.jpeg\" data-src=\"https:\/\/eldiariodesanpedro.com.ar\/sitio\/wp-content\/uploads\/2021\/08\/WhatsApp-Image-2021-08-13-at-18.35.21-1024x682.jpeg\" alt=\"\" class=\"wp-image-97453 lazyload\" data-srcset=\"https:\/\/eldiariodesanpedro.com.ar\/sitio\/wp-content\/uploads\/2021\/08\/WhatsApp-Image-2021-08-13-at-18.35.21-1024x682.jpeg 1024w, https:\/\/eldiariodesanpedro.com.ar\/sitio\/wp-content\/uploads\/2021\/08\/WhatsApp-Image-2021-08-13-at-18.35.21-300x200.jpeg 300w, https:\/\/eldiariodesanpedro.com.ar\/sitio\/wp-content\/uploads\/2021\/08\/WhatsApp-Image-2021-08-13-at-18.35.21-768x512.jpeg 768w, https:\/\/eldiariodesanpedro.com.ar\/sitio\/wp-content\/uploads\/2021\/08\/WhatsApp-Image-2021-08-13-at-18.35.21.jpeg 1280w\" data-sizes=\"(max-width: 1024px) 100vw, 1024px\" src=\"data:image\/svg+xml;base64,PHN2ZyB3aWR0aD0iMSIgaGVpZ2h0PSIxIiB4bWxucz0iaHR0cDovL3d3dy53My5vcmcvMjAwMC9zdmciPjwvc3ZnPg==\" style=\"--smush-placeholder-width: 1024px; --smush-placeholder-aspect-ratio: 1024\/682;\" \/><\/figure>\n","protected":false},"excerpt":{"rendered":"<p>Esta ma\u00f1ana, en la esquina de Salta y 9 de Julio se inaugur\u00f3 el edificio municipal en el que funcionar\u00e1 el Departamento Canino y Felino, dependiente de la Secretar\u00eda de Salud de la Municipalidad de San Pedro. El Intendente Cecilio Salazar, la presidente del HCD M\u00f3nica Otero, funcionarios municipales y representantes del grupo que colabora [&hellip;]<\/p>\n","protected":false},"author":4,"featured_media":97452,"comment_status":"closed","ping_status":"closed","sticky":false,"template":"","format":"standard","meta":{"om_disable_all_campaigns":false,"_jetpack_memberships_contains_paid_content":false,"footnotes":""},"categories":[50,101,2],"tags":[],"class_list":["post-97451","post","type-post","status-publish","format-standard","has-post-thumbnail","hentry","category-destacadas","category-interes-general-locales","category-locales"],"aioseo_notices":[],"gutentor_comment":0,"jetpack_featured_media_url":"https:\/\/eldiariodesanpedro.com.ar\/sitio\/wp-content\/uploads\/2021\/08\/WhatsApp-Image-2021-08-13-at-18.35.35.jpeg","jetpack_shortlink":"https:\/\/wp.me\/p6RhLt-plN","jetpack_sharing_enabled":true,"_links":{"self":[{"href":"https:\/\/eldiariodesanpedro.com.ar\/sitio\/wp-json\/wp\/v2\/posts\/97451","targetHints":{"allow":["GET"]}}],"collection":[{"href":"https:\/\/eldiariodesanpedro.com.ar\/sitio\/wp-json\/wp\/v2\/posts"}],"about":[{"href":"https:\/\/eldiariodesanpedro.com.ar\/sitio\/wp-json\/wp\/v2\/types\/post"}],"author":[{"embeddable":true,"href":"https:\/\/eldiariodesanpedro.com.ar\/sitio\/wp-json\/wp\/v2\/users\/4"}],"replies":[{"embeddable":true,"href":"https:\/\/eldiariodesanpedro.com.ar\/sitio\/wp-json\/wp\/v2\/comments?post=97451"}],"version-history":[{"count":1,"href":"https:\/\/eldiariodesanpedro.com.ar\/sitio\/wp-json\/wp\/v2\/posts\/97451\/revisions"}],"predecessor-version":[{"id":97454,"href":"https:\/\/eldiariodesanpedro.com.ar\/sitio\/wp-json\/wp\/v2\/posts\/97451\/revisions\/97454"}],"wp:featuredmedia":[{"embeddable":true,"href":"https:\/\/eldiariodesanpedro.com.ar\/sitio\/wp-json\/wp\/v2\/media\/97452"}],"wp:attachment":[{"href":"https:\/\/eldiariodesanpedro.com.ar\/sitio\/wp-json\/wp\/v2\/media?parent=97451"}],"wp:term":[{"taxonomy":"category","embeddable":true,"href":"https:\/\/eldiariodesanpedro.com.ar\/sitio\/wp-json\/wp\/v2\/categories?post=97451"},{"taxonomy":"post_tag","embeddable":true,"href":"https:\/\/eldiariodesanpedro.com.ar\/sitio\/wp-json\/wp\/v2\/tags?post=97451"}],"curies":[{"name":"wp","href":"https:\/\/api.w.org\/{rel}","templated":true}]}}